{"id":234705,"date":"2023-01-02T15:31:33","date_gmt":"2023-01-02T19:31:33","guid":{"rendered":"https:\/\/elluchador.info\/web\/?p=234705"},"modified":"2023-01-02T15:31:33","modified_gmt":"2023-01-02T19:31:33","slug":"el-discurso-de-lula-da-silva-en-10-frases","status":"publish","type":"post","link":"https:\/\/elluchador.info\/?p=234705","title":{"rendered":"El discurso de Lula da Silva, en 10 frases"},"content":{"rendered":"<p>Luiz In\u00e1cio Lula da Silva ya es presidente de Brasil. Tras ser investido por el Congreso, ley\u00f3 un largo discurso estructurado alrededor de dos ideas b\u00e1sicas: el nuevo Gobierno se abocar\u00e1 a la \u201creconstrucci\u00f3n\u201d de Brasil, al que consider\u00f3 \u201cdestruido\u201d por su predecesor, Jair Bolsonaro, y luchar\u00e1 contra la pobreza, como, dijo, ya hiciera durante sus dos primeros mandatos. Minutos despu\u00e9s repiti\u00f3 los mismos conceptos, pero desde la explanada del palacio de Planalto. Ya no lo escuchaban los legisladores e invitados al Congreso, sino decenas de miles de personas que se acercaron a la plaza de los Tres Poderes en Brasilia para ver al nuevo presidente.<\/p>\n<p>Este es un resumen de las 10 frases m\u00e1s relevantes de los discursos de Lula.<\/p>\n<p>Reconstrucci\u00f3n<\/p>\n<p>\u201cHoy, nuestro mensaje para Brasil es de esperanza y reconstrucci\u00f3n. El gran edificio de derechos, soberan\u00eda y desarrollo que esta naci\u00f3n levant\u00f3 a partir de 1988 ha sido sistem\u00e1ticamente demolido en a\u00f1os recientes. Vamos a dirigir todos nuestros esfuerzos para reconstruir ese edificio de derechos y valores nacionales\u201d.<\/p>\n<p>Pobreza<\/p>\n<p>\u201cAsumo el compromiso de cuidar de todos los brasile\u00f1os y brasile\u00f1as y de acabar con el hambre. Sacar\u00e9 a la gente de las colas en las carnicer\u00edas para pedir huesos para comer. Lejos de cualquier nostalgia, nuestro legado ser\u00e1 el espejo del futuro de lo que vamos a hacer por nuestro pa\u00eds\u201d.<\/p>\n<p>Armas<\/p>\n<p>\u201cAsumo el compromiso de cuidar de todos los brasile\u00f1os y brasile\u00f1as y de acabar con el hambre. Sacar\u00e9 a la gente de las colas en las carnicer\u00edas para pedir huesos para comer. Lejos de cualquier nostalgia, nuestro legado ser\u00e1 el espejo del futuro de lo que vamos a hacer por nuestro pa\u00eds\u201d.<\/p>\n<p>Desigualdad<\/p>\n<p>\u201cDebemos luchar con todas las fuerzas contra todo lo que hace tan desigual a Brasil. Debemos formar un frente amplio que involucre a toda la sociedad en la lucha contra la desigualdad. Es un tiempo de uni\u00f3n y reconstrucci\u00f3n de nuestro pa\u00eds. Hago un llamado para tener un pa\u00eds m\u00e1s justo y democr\u00e1tico. Pido a cada uno de ustedes que la alegr\u00eda de hoy sea la materia prima de la lucha de ma\u00f1ana\u201d.<\/p>\n<p>Democracia<\/p>\n<p>\u201cLa democracia fue la gran victoriosa de nuestra elecci\u00f3n, superando la mayor movilizaci\u00f3n de recursos p\u00fablicos y privados que se hab\u00eda visto. Enfrentamos las m\u00e1s violentas amenazas a la libertad del pueblo, la m\u00e1s abyecta campa\u00f1a de odio elaborada para manipular al electorado. Sobre los vientos de democratizaci\u00f3n, decimos \u2018dictadura nunca m\u00e1s\u2019. Hoy debemos decir \u2018democracia para siempre\u201d.<\/p>\n<p>Desmonte cero<\/p>\n<p>\u201cNing\u00fan otro pa\u00eds tiene las condiciones para colocarse como una potencia ambiental, vamos a iniciar la transici\u00f3n energ\u00e9tica y ecol\u00f3gica. Nuestra meta es lograr la emisi\u00f3n cero de gases de efecto invernadero y la deforestaci\u00f3n cero de la Amazonia. Vamos a vivir sin cortar un \u00e1rbol. Al mismo tiempo, vamos a denunciar todas las injusticias cometidas contra los pueblos ind\u00edgenas\u201d.<\/p>\n<p>Noticias falsas<\/p>\n<p>\u201cNunca los electores hab\u00edan sido tan contaminados con mentiras diseminadas a escala industrial. Defendemos la plena libertad de expresi\u00f3n, crearemos instancias democr\u00e1ticas de acceso a la informaci\u00f3n confiable\u201d.<\/p>\n<p>Ayuda social<\/p>\n<p>\u201cVamos a impulsar un programa de Bolsa Familia global, m\u00e1s amplio y global, para sacar de la pobreza a millones de personas con hambre\u201d.<\/p>\n<p>Derechos laborales<\/p>\n<p>\u201cVamos a dialogar en forma tripartita \u2014Gobierno, centrales sindicales y empresarios\u2014 sobre una nueva legislaci\u00f3n laboral. Garantizaremos la libertad de emprender, junto a la protecci\u00f3n social. Es un gran desaf\u00edo de estos tiempos\u201d.<\/p>\n<p>Educaci\u00f3n<\/p>\n<p>\u201cVamos a recomponer el presupuesto para la educaci\u00f3n, vamos a invertir m\u00e1s en universidades, en escuelas t\u00e9cnicas, en la universalizaci\u00f3n del acceso a internet y en la ampliaci\u00f3n de las guarder\u00edas y la educaci\u00f3n de tiempo completo\u201d.<\/p>\n<p>Con informaci\u00f3n de www.globovision.com<\/p>\n","protected":false},"excerpt":{"rendered":"<p>Luiz In\u00e1cio Lula da Silva ya es presidente de Brasil. Tras ser investido por el Congreso, ley\u00f3 un largo discurso estructurado alrededor de dos ideas b\u00e1sicas: el nuevo Gobierno se abocar\u00e1 a la \u201creconstrucci\u00f3n\u201d de Brasil, al que consider\u00f3 \u201cdestruido\u201d por su predecesor, Jair Bolsonaro, y luchar\u00e1 contra la pobreza, como, dijo, ya hiciera durante [&hellip;]<\/p>\n","protected":false},"author":19,"featured_media":234706,"comment_status":"closed","ping_status":"closed","sticky":false,"template":"","format":"standard","meta":{"footnotes":""},"categories":[8],"tags":[],"class_list":{"0":"post-234705","1":"post","2":"type-post","3":"status-publish","4":"format-standard","5":"has-post-thumbnail","7":"category-internacionales"},"_links":{"self":[{"href":"https:\/\/elluchador.info\/index.php?rest_route=\/wp\/v2\/posts\/234705","targetHints":{"allow":["GET"]}}],"collection":[{"href":"https:\/\/elluchador.info\/index.php?rest_route=\/wp\/v2\/posts"}],"about":[{"href":"https:\/\/elluchador.info\/index.php?rest_route=\/wp\/v2\/types\/post"}],"author":[{"embeddable":true,"href":"https:\/\/elluchador.info\/index.php?rest_route=\/wp\/v2\/users\/19"}],"replies":[{"embeddable":true,"href":"https:\/\/elluchador.info\/index.php?rest_route=%2Fwp%2Fv2%2Fcomments&post=234705"}],"version-history":[{"count":1,"href":"https:\/\/elluchador.info\/index.php?rest_route=\/wp\/v2\/posts\/234705\/revisions"}],"predecessor-version":[{"id":234707,"href":"https:\/\/elluchador.info\/index.php?rest_route=\/wp\/v2\/posts\/234705\/revisions\/234707"}],"wp:featuredmedia":[{"embeddable":true,"href":"https:\/\/elluchador.info\/index.php?rest_route=\/wp\/v2\/media\/234706"}],"wp:attachment":[{"href":"https:\/\/elluchador.info\/index.php?rest_route=%2Fwp%2Fv2%2Fmedia&parent=234705"}],"wp:term":[{"taxonomy":"category","embeddable":true,"href":"https:\/\/elluchador.info\/index.php?rest_route=%2Fwp%2Fv2%2Fcategories&post=234705"},{"taxonomy":"post_tag","embeddable":true,"href":"https:\/\/elluchador.info\/index.php?rest_route=%2Fwp%2Fv2%2Ftags&post=234705"}],"curies":[{"name":"wp","href":"https:\/\/api.w.org\/{rel}","templated":true}]}}