{"id":234711,"date":"2023-01-02T15:51:04","date_gmt":"2023-01-02T19:51:04","guid":{"rendered":"https:\/\/elluchador.info\/web\/?p=234711"},"modified":"2023-01-02T16:03:46","modified_gmt":"2023-01-02T20:03:46","slug":"maduro-relaciones-bilaterales-entre-venezuela-y-la-ue-avanzan-bien","status":"publish","type":"post","link":"https:\/\/elluchador.info\/?p=234711","title":{"rendered":"Maduro: Relaciones bilaterales entre Venezuela y la UE \u00abavanzan bien\u00bb"},"content":{"rendered":"<p>El presidente Nicol\u00e1s Maduro afirm\u00f3, en una entrevista difundida este domingo, que las relaciones con la Uni\u00f3n Europea (UE) y sus miembros \u00abavanzan bien\u00bb y hay un \u00abdi\u00e1logo permanente\u00bb para la normalizaci\u00f3n de los lazos diplom\u00e1ticos.<\/p>\n<p>Con la Uni\u00f3n Europea dir\u00eda que las cosas avanzan bien (\u2026) Creo que, en general, paso a paso, con paciencia estrat\u00e9gica, con diplomacia y respeto podemos avanzar con la Uni\u00f3n Europea\u00bb, dijo Maduro durante una entrevista con la multiestatal Telesur.<\/p>\n<p>El mandatario asegur\u00f3 que hay \u00abdi\u00e1logo permanente\u00bb con el alto representante de la UE para Asuntos Exteriores, Josep Borrell, as\u00ed como con representantes de los Veintisiete presentes en Caracas, con el fin de lograr la normalizaci\u00f3n de estas relaciones.<\/p>\n<p>Maduro record\u00f3 el da\u00f1o que las sanciones y bloqueos de activos venezolanos en el exterior han hecho a Venezuela e insisti\u00f3 en que busca restablecer lazos, amparado en la \u00abdiplomacia de paz\u00bb que propone su Gobierno.<\/p>\n<p>En esos a\u00f1os dif\u00edciles donde se persigui\u00f3 a la industria petrolera, Venezuela dej\u00f3 de percibir 232.000 millones de d\u00f3lares y hubo un da\u00f1o econ\u00f3mico al Producto Interno Bruto (PIB) por encima de los 630.000 millones de d\u00f3lares\u00bb, dijo y calific\u00f3 esto como una cat\u00e1strofe para Venezuela.<\/p>\n<p>Con informaci\u00f3n de EFE.<\/p>\n","protected":false},"excerpt":{"rendered":"<p>El presidente Nicol\u00e1s Maduro afirm\u00f3, en una entrevista difundida este domingo, que las relaciones con la Uni\u00f3n Europea (UE) y sus miembros \u00abavanzan bien\u00bb y hay un \u00abdi\u00e1logo permanente\u00bb para la normalizaci\u00f3n de los lazos diplom\u00e1ticos. Con la Uni\u00f3n Europea dir\u00eda que las cosas avanzan bien (\u2026) Creo que, en general, paso a paso, con [&hellip;]<\/p>\n","protected":false},"author":19,"featured_media":234718,"comment_status":"closed","ping_status":"closed","sticky":false,"template":"","format":"standard","meta":{"footnotes":""},"categories":[9],"tags":[],"class_list":{"0":"post-234711","1":"post","2":"type-post","3":"status-publish","4":"format-standard","5":"has-post-thumbnail","7":"category-nacionales"},"_links":{"self":[{"href":"https:\/\/elluchador.info\/index.php?rest_route=\/wp\/v2\/posts\/234711","targetHints":{"allow":["GET"]}}],"collection":[{"href":"https:\/\/elluchador.info\/index.php?rest_route=\/wp\/v2\/posts"}],"about":[{"href":"https:\/\/elluchador.info\/index.php?rest_route=\/wp\/v2\/types\/post"}],"author":[{"embeddable":true,"href":"https:\/\/elluchador.info\/index.php?rest_route=\/wp\/v2\/users\/19"}],"replies":[{"embeddable":true,"href":"https:\/\/elluchador.info\/index.php?rest_route=%2Fwp%2Fv2%2Fcomments&post=234711"}],"version-history":[{"count":2,"href":"https:\/\/elluchador.info\/index.php?rest_route=\/wp\/v2\/posts\/234711\/revisions"}],"predecessor-version":[{"id":234720,"href":"https:\/\/elluchador.info\/index.php?rest_route=\/wp\/v2\/posts\/234711\/revisions\/234720"}],"wp:featuredmedia":[{"embeddable":true,"href":"https:\/\/elluchador.info\/index.php?rest_route=\/wp\/v2\/media\/234718"}],"wp:attachment":[{"href":"https:\/\/elluchador.info\/index.php?rest_route=%2Fwp%2Fv2%2Fmedia&parent=234711"}],"wp:term":[{"taxonomy":"category","embeddable":true,"href":"https:\/\/elluchador.info\/index.php?rest_route=%2Fwp%2Fv2%2Fcategories&post=234711"},{"taxonomy":"post_tag","embeddable":true,"href":"https:\/\/elluchador.info\/index.php?rest_route=%2Fwp%2Fv2%2Ftags&post=234711"}],"curies":[{"name":"wp","href":"https:\/\/api.w.org\/{rel}","templated":true}]}}