{"id":234714,"date":"2023-01-02T15:54:32","date_gmt":"2023-01-02T19:54:32","guid":{"rendered":"https:\/\/elluchador.info\/web\/?p=234714"},"modified":"2023-01-02T15:54:32","modified_gmt":"2023-01-02T19:54:32","slug":"colombia-y-venezuela-acuerdan-seis-dias-para-que-automotores-pongan-al-dia-permisos-vehiculares","status":"publish","type":"post","link":"https:\/\/elluchador.info\/?p=234714","title":{"rendered":"Colombia y Venezuela acuerdan seis d\u00edas para que automotores pongan al d\u00eda permisos vehiculares"},"content":{"rendered":"<p>Este primero de enero de 2023, tras un acto protocolar fue reabierto formalmente el paso por Puente Internacional Atanasio Girardot, conocido com\u00fanmente como \u00abTienditas\u00bb. Lo cual signific\u00f3 la apertura formal de la frontera entre Venezuela y Colombia por esta v\u00eda.<\/p>\n<p>Durante el acto protocolar estuvo presente el gobernador del estado T\u00e1chira, Freddy Bernal, acompa\u00f1ado del viceministro de Obras P\u00fablicas, Juan Jos\u00e9 Ram\u00edrez, diputados de la Asamblea Nacional, del Consejo Legislativo Estadal y algunos alcaldes. Del lado colombiano las autoridades presentes fueron el ministro de Comercio, Germ\u00e1n Uma\u00f1a; el ministro de Transporte, Guillermo Reyes; el canciller encargado, Jos\u00e9 Antonio Salazar y el gobernador del Norte de Santander, Silvano Serrano.<\/p>\n<p>Tras la reapertura, a 2:30 de la tarde aproximadamente, donde se estima que m\u00e1s de 60 veh\u00edculos cruzaron la frontera, ning\u00fan venezolano hab\u00eda realizado tr\u00e1mite de seguro de sus veh\u00edculos y de revisi\u00f3n mec\u00e1nica, mientras los colombianos\u00a0 manifestaron desconocer los requisitos que exige Venezuela.<\/p>\n<p>Por ello, las autoridades de ambas naciones dieron plazo hasta el 6 de enero para realizar los tr\u00e1mites correspondientes, y circular sin problema por los territorios.<\/p>\n<p>Transporte p\u00fablico esperar\u00e1<\/p>\n<p>El gobernador del T\u00e1chira, Freddy Bernal, precis\u00f3 que en el caso del transporte p\u00fablico todav\u00eda no circular\u00e1n porque tienen que adecuar impuestos, regularizar empresas y pagar c\u00e1nones. Acot\u00f3 que les dar\u00e1n el tiempo suficiente para que en la medida que vayan cumpliendo con los requisitos de ley se les va a permitir la circulaci\u00f3n.<\/p>\n<p>\u201cDesde hoy todos los pasos fronterizos est\u00e1n habilitados para el transporte individual, de pasajeros y transporte de mercanc\u00edas con los protocolos de cada uno de los pa\u00edses. Nos hemos dado tiempo el Gobierno de Colombia y el Gobierno de Venezuela para ajustar ciertos tr\u00e1mites administrativos que deben entenderse por siete a\u00f1os de distensi\u00f3n y ruptura de relaciones\u201d, expres\u00f3.<\/p>\n<p>Se espera que a finales de semana se anuncie cu\u00e1les ser\u00e1n los pasos a seguir una vez finalice el tiempo de gracia dado por ambos gobierno para sacar los tr\u00e1mites.<\/p>\n<p>Por otra parte, Germ\u00e1n Uma\u00f1a, ministro de Comercio de Colombia, manifest\u00f3 que con la reapertura del paso por \u00abTienditas\u00bb, se volvi\u00f3 a la integraci\u00f3n sudamericana, a la integraci\u00f3n andina, latinoamericana y del Caribe, as\u00ed como en la defensa de La Amazon\u00eda.<\/p>\n<p>\u201cHemos recuperado la capacidad de hablar conjuntamente en las instituciones multilaterales. No m\u00e1s bilateralismo, no m\u00e1s habl\u00e9 exclusivamente con los pa\u00edses desarrollados como si fu\u00e9ramos uno. Se trata de tener posiciones conjuntas frente a los dem\u00e1s pa\u00edses\u201d, dijo.<\/p>\n<p>Con informaci\u00f3n de Diario Los Andes.<\/p>\n","protected":false},"excerpt":{"rendered":"<p>Este primero de enero de 2023, tras un acto protocolar fue reabierto formalmente el paso por Puente Internacional Atanasio Girardot, conocido com\u00fanmente como \u00abTienditas\u00bb. Lo cual signific\u00f3 la apertura formal de la frontera entre Venezuela y Colombia por esta v\u00eda. Durante el acto protocolar estuvo presente el gobernador del estado T\u00e1chira, Freddy Bernal, acompa\u00f1ado del [&hellip;]<\/p>\n","protected":false},"author":19,"featured_media":234715,"comment_status":"closed","ping_status":"closed","sticky":false,"template":"","format":"standard","meta":{"footnotes":""},"categories":[9],"tags":[],"class_list":{"0":"post-234714","1":"post","2":"type-post","3":"status-publish","4":"format-standard","5":"has-post-thumbnail","7":"category-nacionales"},"_links":{"self":[{"href":"https:\/\/elluchador.info\/index.php?rest_route=\/wp\/v2\/posts\/234714","targetHints":{"allow":["GET"]}}],"collection":[{"href":"https:\/\/elluchador.info\/index.php?rest_route=\/wp\/v2\/posts"}],"about":[{"href":"https:\/\/elluchador.info\/index.php?rest_route=\/wp\/v2\/types\/post"}],"author":[{"embeddable":true,"href":"https:\/\/elluchador.info\/index.php?rest_route=\/wp\/v2\/users\/19"}],"replies":[{"embeddable":true,"href":"https:\/\/elluchador.info\/index.php?rest_route=%2Fwp%2Fv2%2Fcomments&post=234714"}],"version-history":[{"count":1,"href":"https:\/\/elluchador.info\/index.php?rest_route=\/wp\/v2\/posts\/234714\/revisions"}],"predecessor-version":[{"id":234716,"href":"https:\/\/elluchador.info\/index.php?rest_route=\/wp\/v2\/posts\/234714\/revisions\/234716"}],"wp:featuredmedia":[{"embeddable":true,"href":"https:\/\/elluchador.info\/index.php?rest_route=\/wp\/v2\/media\/234715"}],"wp:attachment":[{"href":"https:\/\/elluchador.info\/index.php?rest_route=%2Fwp%2Fv2%2Fmedia&parent=234714"}],"wp:term":[{"taxonomy":"category","embeddable":true,"href":"https:\/\/elluchador.info\/index.php?rest_route=%2Fwp%2Fv2%2Fcategories&post=234714"},{"taxonomy":"post_tag","embeddable":true,"href":"https:\/\/elluchador.info\/index.php?rest_route=%2Fwp%2Fv2%2Ftags&post=234714"}],"curies":[{"name":"wp","href":"https:\/\/api.w.org\/{rel}","templated":true}]}}