{"id":234767,"date":"2023-01-03T12:29:18","date_gmt":"2023-01-03T16:29:18","guid":{"rendered":"https:\/\/elluchador.info\/web\/?p=234767"},"modified":"2023-01-03T12:29:18","modified_gmt":"2023-01-03T16:29:18","slug":"lula-llega-al-funeral-de-pele-en-su-primer-compromiso-oficial-fuera-de-brasilia","status":"publish","type":"post","link":"https:\/\/elluchador.info\/?p=234767","title":{"rendered":"Lula llega al funeral de Pel\u00e9 en su primer compromiso oficial fuera de Brasilia"},"content":{"rendered":"<p>El presidente de Brasil, Luiz In\u00e1cio Lula da Silva, lleg\u00f3 este martes a la ciudad portuaria de Santos para asistir al funeral de la leyenda del f\u00fatbol Edson Arantes do Nascimento, m\u00e1s conocido como Pel\u00e9.<\/p>\n<p>Se trata del primer compromiso oficial fuera de Brasilia del mandatario, que asumi\u00f3 el poder el pasado 1 de enero. Lula envi\u00f3 el lunes una corona de flores en honor a Pel\u00e9. \u00abNuestro m\u00e1s sincero homenaje al gran brasile\u00f1o, nuestro rey Pel\u00e9\u00bb, escribi\u00f3 en una tarjeta el presidente, un gran admirador del futbolista.<\/p>\n<p>El mandatario, que viaj\u00f3 acompa\u00f1ado de su mujer y varias autoridades, se acerc\u00f3 hasta la carpa donde reposa el cuerpo de Pel\u00e9 y salud\u00f3 afectuosamente a sus familiares. El funeral de Pel\u00e9 comenz\u00f3 el lunes en el estadio Vila Belmiro en Santos, lugar donde &#8216;O Rei&#8217; debut\u00f3 en noviembre de 1956 y marc\u00f3 288 goles. El sepelio terminar\u00e1 a las 10.00 hora local de este martes tras de 24 horas de ceremonia ininterrumpida.<\/p>\n<p>Cuando el acto finalice, se espera que se lleve a cabo una procesi\u00f3n con el f\u00e9retro del tricampe\u00f3n mundial por las calles de la ciudad y pasar\u00e1 por la zona del Canal 6, donde vive Celeste Arantes, madre de Pel\u00e9 y que tiene 100 a\u00f1os de edad.<\/p>\n<p>Luego se realizar\u00e1 un entierro privado en el Memorial Necr\u00f3polis Ecum\u00e9nica, un cementerio vertical que desde 1991 figura como el m\u00e1s alto del mundo en el Libro Guinness de los R\u00e9cords, y donde el jugador compr\u00f3 hace 19 a\u00f1os, cuando ten\u00eda 62 a\u00f1os, un nicho con vistas a Vila Belmiro y en el noveno piso en honor a su padre, &#8216;Dondinho&#8217;, que visti\u00f3 la camiseta con ese n\u00famero cuando era futbolista.<\/p>\n<p>La superestrella del f\u00fatbol brasile\u00f1o muri\u00f3, a los 82 a\u00f1os, el 29 de diciembre de 2022 en el Hospital Albert Einstein en Sao Paulo v\u00edctima de un c\u00e1ncer de col\u00f3n que le detectaron en septiembre de 2021.<\/p>\n<p>Con informaci\u00f3n de RT.<\/p>\n","protected":false},"excerpt":{"rendered":"<p>El presidente de Brasil, Luiz In\u00e1cio Lula da Silva, lleg\u00f3 este martes a la ciudad portuaria de Santos para asistir al funeral de la leyenda del f\u00fatbol Edson Arantes do Nascimento, m\u00e1s conocido como Pel\u00e9. Se trata del primer compromiso oficial fuera de Brasilia del mandatario, que asumi\u00f3 el poder el pasado 1 de enero. [&hellip;]<\/p>\n","protected":false},"author":19,"featured_media":234768,"comment_status":"closed","ping_status":"closed","sticky":false,"template":"","format":"standard","meta":{"footnotes":""},"categories":[8],"tags":[],"class_list":{"0":"post-234767","1":"post","2":"type-post","3":"status-publish","4":"format-standard","5":"has-post-thumbnail","7":"category-internacionales"},"_links":{"self":[{"href":"https:\/\/elluchador.info\/index.php?rest_route=\/wp\/v2\/posts\/234767","targetHints":{"allow":["GET"]}}],"collection":[{"href":"https:\/\/elluchador.info\/index.php?rest_route=\/wp\/v2\/posts"}],"about":[{"href":"https:\/\/elluchador.info\/index.php?rest_route=\/wp\/v2\/types\/post"}],"author":[{"embeddable":true,"href":"https:\/\/elluchador.info\/index.php?rest_route=\/wp\/v2\/users\/19"}],"replies":[{"embeddable":true,"href":"https:\/\/elluchador.info\/index.php?rest_route=%2Fwp%2Fv2%2Fcomments&post=234767"}],"version-history":[{"count":1,"href":"https:\/\/elluchador.info\/index.php?rest_route=\/wp\/v2\/posts\/234767\/revisions"}],"predecessor-version":[{"id":234769,"href":"https:\/\/elluchador.info\/index.php?rest_route=\/wp\/v2\/posts\/234767\/revisions\/234769"}],"wp:featuredmedia":[{"embeddable":true,"href":"https:\/\/elluchador.info\/index.php?rest_route=\/wp\/v2\/media\/234768"}],"wp:attachment":[{"href":"https:\/\/elluchador.info\/index.php?rest_route=%2Fwp%2Fv2%2Fmedia&parent=234767"}],"wp:term":[{"taxonomy":"category","embeddable":true,"href":"https:\/\/elluchador.info\/index.php?rest_route=%2Fwp%2Fv2%2Fcategories&post=234767"},{"taxonomy":"post_tag","embeddable":true,"href":"https:\/\/elluchador.info\/index.php?rest_route=%2Fwp%2Fv2%2Ftags&post=234767"}],"curies":[{"name":"wp","href":"https:\/\/api.w.org\/{rel}","templated":true}]}}