{"id":234790,"date":"2023-01-03T14:12:04","date_gmt":"2023-01-03T18:12:04","guid":{"rendered":"https:\/\/elluchador.info\/web\/?p=234790"},"modified":"2023-01-03T14:12:04","modified_gmt":"2023-01-03T18:12:04","slug":"argentina-uruguay-china-y-eeuu-los-primeros-viajes-al-exterior-que-hara-lula-como-presidente","status":"publish","type":"post","link":"https:\/\/elluchador.info\/?p=234790","title":{"rendered":"Argentina, Uruguay, China y EEUU: los primeros viajes al exterior que har\u00e1 Lula como presidente"},"content":{"rendered":"<p>El presidente de Brasil, Luiz Inacio Lula da Silva, viajar\u00e1 a Argentina y Uruguay en sus primeras salidas al exterior tras su asunci\u00f3n. Fuera de la regi\u00f3n, Lula prev\u00e9 visitar China y EEUU, en el marco de un plan para \u00abllevar nuevamente a Brasil a la escena internacional\u00bb. La agenda de pol\u00edtica exterior del nuevo mandatario tras tomar posesi\u00f3n el pasado 1 de enero ya contempla diversos viajes oficiales, confirm\u00f3 el canciller Mauro Vieira.<\/p>\n<p>La primera salida al exterior del presidente brasile\u00f1o ser\u00e1 a Argentina este 23 y 24 de enero en el marco de la Cumbre de la Comunidad de Estados Latinoamericanos y Caribe\u00f1os (CELAC) que se realizar\u00e1 en Buenos Aires.<\/p>\n<p>El presidente argentino, Alberto Fern\u00e1ndez, confirm\u00f3 que se reunir\u00e1 con su hom\u00f3logo brasile\u00f1o \u00abpara avanzar con acciones concretas e institucionalizar esta relaci\u00f3n\u00bb. Asimismo, destac\u00f3 que ambos pa\u00edses se encuentran \u00aben la misma senda\u00bb, en b\u00fasqueda de un mismo destino para ambos pueblos y la integraci\u00f3n de Am\u00e9rica Latina.<\/p>\n<p>No es la primera ocasi\u00f3n en que Lula elige Argentina como su primer destino despu\u00e9s de su investidura. As\u00ed lo hizo tambi\u00e9n en 2003, cuando asumi\u00f3 por primera vez el liderazgo del pa\u00eds y viaj\u00f3 a Argentina para reunirse con el entonces presidente interino de ese pa\u00eds, Eduardo Duhalde (2002-2003).<\/p>\n<p>Con informaci\u00f3n de www.globovision.com<\/p>\n","protected":false},"excerpt":{"rendered":"<p>El presidente de Brasil, Luiz Inacio Lula da Silva, viajar\u00e1 a Argentina y Uruguay en sus primeras salidas al exterior tras su asunci\u00f3n. Fuera de la regi\u00f3n, Lula prev\u00e9 visitar China y EEUU, en el marco de un plan para \u00abllevar nuevamente a Brasil a la escena internacional\u00bb. La agenda de pol\u00edtica exterior del nuevo [&hellip;]<\/p>\n","protected":false},"author":19,"featured_media":234791,"comment_status":"closed","ping_status":"closed","sticky":false,"template":"","format":"standard","meta":{"footnotes":""},"categories":[8],"tags":[],"class_list":{"0":"post-234790","1":"post","2":"type-post","3":"status-publish","4":"format-standard","5":"has-post-thumbnail","7":"category-internacionales"},"_links":{"self":[{"href":"https:\/\/elluchador.info\/index.php?rest_route=\/wp\/v2\/posts\/234790","targetHints":{"allow":["GET"]}}],"collection":[{"href":"https:\/\/elluchador.info\/index.php?rest_route=\/wp\/v2\/posts"}],"about":[{"href":"https:\/\/elluchador.info\/index.php?rest_route=\/wp\/v2\/types\/post"}],"author":[{"embeddable":true,"href":"https:\/\/elluchador.info\/index.php?rest_route=\/wp\/v2\/users\/19"}],"replies":[{"embeddable":true,"href":"https:\/\/elluchador.info\/index.php?rest_route=%2Fwp%2Fv2%2Fcomments&post=234790"}],"version-history":[{"count":1,"href":"https:\/\/elluchador.info\/index.php?rest_route=\/wp\/v2\/posts\/234790\/revisions"}],"predecessor-version":[{"id":234792,"href":"https:\/\/elluchador.info\/index.php?rest_route=\/wp\/v2\/posts\/234790\/revisions\/234792"}],"wp:featuredmedia":[{"embeddable":true,"href":"https:\/\/elluchador.info\/index.php?rest_route=\/wp\/v2\/media\/234791"}],"wp:attachment":[{"href":"https:\/\/elluchador.info\/index.php?rest_route=%2Fwp%2Fv2%2Fmedia&parent=234790"}],"wp:term":[{"taxonomy":"category","embeddable":true,"href":"https:\/\/elluchador.info\/index.php?rest_route=%2Fwp%2Fv2%2Fcategories&post=234790"},{"taxonomy":"post_tag","embeddable":true,"href":"https:\/\/elluchador.info\/index.php?rest_route=%2Fwp%2Fv2%2Ftags&post=234790"}],"curies":[{"name":"wp","href":"https:\/\/api.w.org\/{rel}","templated":true}]}}