{"id":234793,"date":"2023-01-03T14:14:44","date_gmt":"2023-01-03T18:14:44","guid":{"rendered":"https:\/\/elluchador.info\/web\/?p=234793"},"modified":"2023-01-03T14:14:44","modified_gmt":"2023-01-03T18:14:44","slug":"palestina-tilda-de-desafio-la-visita-de-un-ministro-radical-judio-a-la-explanada-de-las-mezquitas","status":"publish","type":"post","link":"https:\/\/elluchador.info\/?p=234793","title":{"rendered":"Palestina tilda de \u00abdesaf\u00edo\u00bb la visita de un ministro radical jud\u00edo a la Explanada de las Mezquitas"},"content":{"rendered":"<p>El portavoz de la presidencia palestina, Nabil Abu Rudeineh, conden\u00f3 la visita del ministro de Seguridad israel\u00ed, Itamar Ben Gvir, a la Explanada de las Mezquitas en la Ciudad Vieja de Jerusal\u00e9n, comunic\u00f3 la agencia WAFA.<\/p>\n<p>\u00abLa incursi\u00f3n de la mezquita Al Aqsa por parte de (&#8230;) Ben Gvir, es un desaf\u00edo para el pueblo palestino, la naci\u00f3n \u00e1rabe y la comunidad internacional\u00bb, se\u00f1ala el medio citando a Abu Rudeineh.<\/p>\n<p>Seg\u00fan el vocero, tales provocaciones podr\u00edan \u00abaumentar la tensi\u00f3n y la violencia y provocar una situaci\u00f3n explosiva\u00bb. En este contexto inst\u00f3 a las autoridades de Estados Unidos a influir en Israel para que detenga sus acciones.<\/p>\n<p>Ben Gvir visit\u00f3 la Explanada de las Mezquitas o Monte del Templo este 3 de enero pese a las cr\u00edticas de la oposici\u00f3n y amenazas de Ham\u00e1s, gobernante de facto en la Franja de Gaza.<\/p>\n<p>Acusado de ser un provocador, Ben Gvir, quien ha visitado regularmente este lugar sagrado y marchado por el barrio musulm\u00e1n de la Ciudad Vieja de Jerusal\u00e9n, lidera uno de los tres partidos de ultraderecha de la actual coalici\u00f3n de gobierno. El estatus quo de la Explanada de las Mezquitas determina que s\u00f3lo los musulmanes pueden rezar all\u00ed, aunque los jud\u00edos pueden visitarlo a determinadas horas del d\u00eda.<\/p>\n<p>En el a\u00f1o 2000 el difunto l\u00edder del Likud de aquel entonces, Ariel Sharon, visit\u00f3 la Explanada de las Mezquitas en lo que se consider\u00f3 una provocaci\u00f3n que condujo al comienzo de la Segunda Intifada.<\/p>\n<p>Con informaci\u00f3n de www.globovision.com<\/p>\n","protected":false},"excerpt":{"rendered":"<p>El portavoz de la presidencia palestina, Nabil Abu Rudeineh, conden\u00f3 la visita del ministro de Seguridad israel\u00ed, Itamar Ben Gvir, a la Explanada de las Mezquitas en la Ciudad Vieja de Jerusal\u00e9n, comunic\u00f3 la agencia WAFA. \u00abLa incursi\u00f3n de la mezquita Al Aqsa por parte de (&#8230;) Ben Gvir, es un desaf\u00edo para el pueblo [&hellip;]<\/p>\n","protected":false},"author":19,"featured_media":234794,"comment_status":"closed","ping_status":"closed","sticky":false,"template":"","format":"standard","meta":{"footnotes":""},"categories":[8],"tags":[],"class_list":{"0":"post-234793","1":"post","2":"type-post","3":"status-publish","4":"format-standard","5":"has-post-thumbnail","7":"category-internacionales"},"_links":{"self":[{"href":"https:\/\/elluchador.info\/index.php?rest_route=\/wp\/v2\/posts\/234793","targetHints":{"allow":["GET"]}}],"collection":[{"href":"https:\/\/elluchador.info\/index.php?rest_route=\/wp\/v2\/posts"}],"about":[{"href":"https:\/\/elluchador.info\/index.php?rest_route=\/wp\/v2\/types\/post"}],"author":[{"embeddable":true,"href":"https:\/\/elluchador.info\/index.php?rest_route=\/wp\/v2\/users\/19"}],"replies":[{"embeddable":true,"href":"https:\/\/elluchador.info\/index.php?rest_route=%2Fwp%2Fv2%2Fcomments&post=234793"}],"version-history":[{"count":1,"href":"https:\/\/elluchador.info\/index.php?rest_route=\/wp\/v2\/posts\/234793\/revisions"}],"predecessor-version":[{"id":234795,"href":"https:\/\/elluchador.info\/index.php?rest_route=\/wp\/v2\/posts\/234793\/revisions\/234795"}],"wp:featuredmedia":[{"embeddable":true,"href":"https:\/\/elluchador.info\/index.php?rest_route=\/wp\/v2\/media\/234794"}],"wp:attachment":[{"href":"https:\/\/elluchador.info\/index.php?rest_route=%2Fwp%2Fv2%2Fmedia&parent=234793"}],"wp:term":[{"taxonomy":"category","embeddable":true,"href":"https:\/\/elluchador.info\/index.php?rest_route=%2Fwp%2Fv2%2Fcategories&post=234793"},{"taxonomy":"post_tag","embeddable":true,"href":"https:\/\/elluchador.info\/index.php?rest_route=%2Fwp%2Fv2%2Ftags&post=234793"}],"curies":[{"name":"wp","href":"https:\/\/api.w.org\/{rel}","templated":true}]}}