{"id":234796,"date":"2023-01-03T14:17:43","date_gmt":"2023-01-03T18:17:43","guid":{"rendered":"https:\/\/elluchador.info\/web\/?p=234796"},"modified":"2023-01-03T14:17:43","modified_gmt":"2023-01-03T18:17:43","slug":"parlamento-venezolano-recibe-de-forma-simbolica-sede-de-embajada-en-brasil","status":"publish","type":"post","link":"https:\/\/elluchador.info\/?p=234796","title":{"rendered":"Parlamento venezolano recibe de forma simb\u00f3lica sede de embajada en Brasil"},"content":{"rendered":"<p>El presidente del Parlamento de Venezuela, Jorge Rodr\u00edguez, recibi\u00f3 este lunes -de forma simb\u00f3lica- la sede de la embajada venezolana en Brasil, de manos de movimientos sociales.<\/p>\n<p>El l\u00edder del Movimiento Sin Tierra (MST) de Brasil, Joao Pedro Stedile, encabez\u00f3 el acto en el que apunt\u00f3 que esta entrega \u00absimb\u00f3lica\u00bb es una muestra de la reconstrucci\u00f3n de las relaciones entre Venezuela y el gigante suramericano.<\/p>\n<p>Por su parte, Rodr\u00edguez, quien se encuentra en Brasil desde este domingo, como representante del Gobierno de Venezuela para participar en la toma de posesi\u00f3n del presidente Luiz In\u00e1cio Lula da Silva, record\u00f3 que en 2019, intentaron \u00abtomar\u00bb esta residencia y que fueron los movimientos sociales brasile\u00f1os los que defendieron las instalaciones y al personal venezolano.<\/p>\n<p>\u00abEstoy muy orgulloso de todos ustedes y estoy muy agradecido de los movimientos populares de Brasil que aqu\u00ed se mantuvieron y son quienes permiten hoy, (\u2026) quienes nos entregan esta casa (\u2026) Jam\u00e1s Venezuela olvidar\u00e1 el gesto, olvidar\u00e1 la solidaridad\u00bb, dijo el parlamentario.<\/p>\n<p>Con informaci\u00f3n de unionradio.net<\/p>\n","protected":false},"excerpt":{"rendered":"<p>El presidente del Parlamento de Venezuela, Jorge Rodr\u00edguez, recibi\u00f3 este lunes -de forma simb\u00f3lica- la sede de la embajada venezolana en Brasil, de manos de movimientos sociales. El l\u00edder del Movimiento Sin Tierra (MST) de Brasil, Joao Pedro Stedile, encabez\u00f3 el acto en el que apunt\u00f3 que esta entrega \u00absimb\u00f3lica\u00bb es una muestra de la [&hellip;]<\/p>\n","protected":false},"author":19,"featured_media":234797,"comment_status":"closed","ping_status":"closed","sticky":false,"template":"","format":"standard","meta":{"footnotes":""},"categories":[9],"tags":[],"class_list":{"0":"post-234796","1":"post","2":"type-post","3":"status-publish","4":"format-standard","5":"has-post-thumbnail","7":"category-nacionales"},"_links":{"self":[{"href":"https:\/\/elluchador.info\/index.php?rest_route=\/wp\/v2\/posts\/234796","targetHints":{"allow":["GET"]}}],"collection":[{"href":"https:\/\/elluchador.info\/index.php?rest_route=\/wp\/v2\/posts"}],"about":[{"href":"https:\/\/elluchador.info\/index.php?rest_route=\/wp\/v2\/types\/post"}],"author":[{"embeddable":true,"href":"https:\/\/elluchador.info\/index.php?rest_route=\/wp\/v2\/users\/19"}],"replies":[{"embeddable":true,"href":"https:\/\/elluchador.info\/index.php?rest_route=%2Fwp%2Fv2%2Fcomments&post=234796"}],"version-history":[{"count":1,"href":"https:\/\/elluchador.info\/index.php?rest_route=\/wp\/v2\/posts\/234796\/revisions"}],"predecessor-version":[{"id":234798,"href":"https:\/\/elluchador.info\/index.php?rest_route=\/wp\/v2\/posts\/234796\/revisions\/234798"}],"wp:featuredmedia":[{"embeddable":true,"href":"https:\/\/elluchador.info\/index.php?rest_route=\/wp\/v2\/media\/234797"}],"wp:attachment":[{"href":"https:\/\/elluchador.info\/index.php?rest_route=%2Fwp%2Fv2%2Fmedia&parent=234796"}],"wp:term":[{"taxonomy":"category","embeddable":true,"href":"https:\/\/elluchador.info\/index.php?rest_route=%2Fwp%2Fv2%2Fcategories&post=234796"},{"taxonomy":"post_tag","embeddable":true,"href":"https:\/\/elluchador.info\/index.php?rest_route=%2Fwp%2Fv2%2Ftags&post=234796"}],"curies":[{"name":"wp","href":"https:\/\/api.w.org\/{rel}","templated":true}]}}