{"id":234866,"date":"2023-01-03T18:51:43","date_gmt":"2023-01-03T22:51:43","guid":{"rendered":"https:\/\/elluchador.info\/web\/?p=234866"},"modified":"2023-01-03T18:51:43","modified_gmt":"2023-01-03T22:51:43","slug":"con-apagones-inicio-el-ano-en-agua-salada","status":"publish","type":"post","link":"https:\/\/elluchador.info\/?p=234866","title":{"rendered":"Con apagones inici\u00f3 el a\u00f1o en Agua Salada"},"content":{"rendered":"<p>\u00a1El a\u00f1o ser\u00e1 nuevo, pero los problemas son los mismos! Con esta frase, la se\u00f1ora Rosa Carpio expres\u00f3 que el a\u00f1o 2023 inici\u00f3 en diversos sectores de la parroquia Agua Salada con fallas en el servicio el\u00e9ctrico.<\/p>\n<p>\u201cEntre domingo y lunes los bajones estuvieron a la orden del d\u00eda. Esa fue la bienvenida para el a\u00f1o nuevo. Ayer la electricidad se fue como por tres horas. Tremendo inicio de a\u00f1o estamos teniendo\u201d, agreg\u00f3.<\/p>\n<p>La entrevistada asegur\u00f3 que este inconveniente afecta a decenas de familias e indic\u00f3 que la situaci\u00f3n se repiti\u00f3 tanto en la parte baja de Agua Salada como en algunas calles del sector Los Pr\u00f3ceres.<\/p>\n<p>Carpio hizo un llamado a las autoridades competentes en nombre de todos los afectados,\u00a0clamando por mejoras en el servicio.<\/p>\n<p>\u201cEsperemos que este a\u00f1o realmente hayan mejoras en los servicios p\u00fablicos porque son muchas las calamidades que tenemos que soportar los ciudadanos comunes y estar sin electricidad o ver c\u00f3mo se nos da\u00f1an los electrodom\u00e9sticos gracias a los bajones que se dan a cualquier hora lo que hacen es empeorar la poquita calidad de vida que tenemos\u201d, concluy\u00f3.<\/p>\n<p>Gledis Bonilla<\/p>\n","protected":false},"excerpt":{"rendered":"<p>\u00a1El a\u00f1o ser\u00e1 nuevo, pero los problemas son los mismos! Con esta frase, la se\u00f1ora Rosa Carpio expres\u00f3 que el a\u00f1o 2023 inici\u00f3 en diversos sectores de la parroquia Agua Salada con fallas en el servicio el\u00e9ctrico. \u201cEntre domingo y lunes los bajones estuvieron a la orden del d\u00eda. Esa fue la bienvenida para el [&hellip;]<\/p>\n","protected":false},"author":19,"featured_media":234867,"comment_status":"closed","ping_status":"closed","sticky":false,"template":"","format":"standard","meta":{"footnotes":""},"categories":[2],"tags":[],"class_list":{"0":"post-234866","1":"post","2":"type-post","3":"status-publish","4":"format-standard","5":"has-post-thumbnail","7":"category-comunidad"},"_links":{"self":[{"href":"https:\/\/elluchador.info\/index.php?rest_route=\/wp\/v2\/posts\/234866","targetHints":{"allow":["GET"]}}],"collection":[{"href":"https:\/\/elluchador.info\/index.php?rest_route=\/wp\/v2\/posts"}],"about":[{"href":"https:\/\/elluchador.info\/index.php?rest_route=\/wp\/v2\/types\/post"}],"author":[{"embeddable":true,"href":"https:\/\/elluchador.info\/index.php?rest_route=\/wp\/v2\/users\/19"}],"replies":[{"embeddable":true,"href":"https:\/\/elluchador.info\/index.php?rest_route=%2Fwp%2Fv2%2Fcomments&post=234866"}],"version-history":[{"count":1,"href":"https:\/\/elluchador.info\/index.php?rest_route=\/wp\/v2\/posts\/234866\/revisions"}],"predecessor-version":[{"id":234868,"href":"https:\/\/elluchador.info\/index.php?rest_route=\/wp\/v2\/posts\/234866\/revisions\/234868"}],"wp:featuredmedia":[{"embeddable":true,"href":"https:\/\/elluchador.info\/index.php?rest_route=\/wp\/v2\/media\/234867"}],"wp:attachment":[{"href":"https:\/\/elluchador.info\/index.php?rest_route=%2Fwp%2Fv2%2Fmedia&parent=234866"}],"wp:term":[{"taxonomy":"category","embeddable":true,"href":"https:\/\/elluchador.info\/index.php?rest_route=%2Fwp%2Fv2%2Fcategories&post=234866"},{"taxonomy":"post_tag","embeddable":true,"href":"https:\/\/elluchador.info\/index.php?rest_route=%2Fwp%2Fv2%2Ftags&post=234866"}],"curies":[{"name":"wp","href":"https:\/\/api.w.org\/{rel}","templated":true}]}}