{"id":234886,"date":"2023-01-04T09:53:06","date_gmt":"2023-01-04T13:53:06","guid":{"rendered":"https:\/\/elluchador.info\/web\/?p=234886"},"modified":"2023-01-04T09:53:06","modified_gmt":"2023-01-04T13:53:06","slug":"este-miercoles-es-el-ultimo-dia-de-la-capilla-ardiente-de-benedicto-xvi","status":"publish","type":"post","link":"https:\/\/elluchador.info\/?p=234886","title":{"rendered":"Este mi\u00e9rcoles es el \u00faltimo d\u00eda de la capilla ardiente de Benedicto XVI"},"content":{"rendered":"<p>La capilla ardiente de Benedicto XVI que falleci\u00f3 el pasado s\u00e1bado a los 95 a\u00f1os cerrar\u00e1 este mi\u00e9rcoles despu\u00e9s de tres d\u00edas y cerca de 135.000 personas han podido ya despedirse del papa em\u00e9rito.<\/p>\n<p>La bas\u00edlica de San Pedro volvi\u00f3 a abrir y varios cientos de personas empezaron a entrar ordenadamente, pero sin las largas filas de los d\u00edas pasados, para dar el \u00faltimo adi\u00f3s a Benedicto XVI, el papa que pasar\u00e1 a la historia por su renuncia al pontificado en febrero de 2013.<\/p>\n<p>Mientras tanto, se terminan los preparativos para la celebraci\u00f3n este jueves del funeral, que ser\u00e1 presidido por el papa Francisco en la plaza de la Bas\u00edlica de San Pedro, a partir de las 9.30 de la ma\u00f1ana (horas local) pero oficiado por el cardenal decano Giovanni Battista Re, debido a los problemas de movilidad del pont\u00edfice argentino.<\/p>\n<p>Se prev\u00e9 la presencia de m\u00e1s de 400 obispos y 4.000 sacerdotes para unas exequias que ser\u00e1n casi en su totalidad como las de los papas \u00abreinantes\u00bb, a excepci\u00f3n de algunos peque\u00f1os detalles debido a su condici\u00f3n de em\u00e9rito en el momento de la muerte.<\/p>\n<p>\u201cOh Dios, que en el designio de tu providencia llamaste a tu bendito siervo para dirigir la Iglesia, conc\u00e9dele participar en el cielo de la gloria eterna de tu Hijo, a quien sirvi\u00f3 como vicario en la tierra\u201d, con esta oraci\u00f3n, antes de la Liturgia de la Palabra, Francisco recordar\u00e1 al papa em\u00e9rito.<\/p>\n<p>Como se ha especificado que no se trata de un funeral de Estado y s\u00f3lo se han invitado a las delegaciones oficiales de Alemania e Italia, as\u00ed como a numerosos representantes ecum\u00e9nicos, entre ellos el metropolita Emmanuel de Calcedonia y Policarpo de Italia, del Patriarcado Ecum\u00e9nico de Constantinopla y Antonio de Volokolamsk, presidente del Departamento de Relaciones Eclesi\u00e1sticas Exteriores del Patriarcado de Mosc\u00fa, en representaci\u00f3n del patriarca Cirilo.<\/p>\n<p>Por el momento han confirmado su presencia la reina em\u00e9rita de Espa\u00f1a, Sof\u00eda, y el ministro espa\u00f1ol de la Presidencia, F\u00e9lix Bola\u00f1os.<\/p>\n<p>En la plaza de San Pedro tambi\u00e9n estar\u00e1n presentes el presidente polaco Andrzej Duda, el primer ministro Mateusz Morawiecki; la presidenta h\u00fangara Katalin Nov\u00e0k; el primer ministro Viktor Orb\u00e1n, que ya este martes acudi\u00f3 a la capilla ardiente; el presidente portugu\u00e9s Marcelo Rebelo de Sousa y la eslovena Nata\u0161a Pirc Musar, mientras que Emmanuel Macron enviar\u00e1 al ministro del Interior, G\u00e9rald Darmanin.<\/p>\n<p>Al cierre hoy de la capilla ardiente, se cerrar\u00e1 el ata\u00fad de madera cipr\u00e9s, introduciendo, como es tradici\u00f3n, las medallas y monedas acu\u00f1adas durante el pontificado, los palios como arzobispo metropolitano de M\u00fanich y de Roma y el palio papal y \u200b\u200bluego el llamado \u00abrogito\u00bb, cilindro de metal que contiene el pergamino con el texto que describe brevemente el pontificado del papa Ratzinger.<\/p>\n<p>El f\u00e9retro con los restos de Benedicto XVI ser\u00e1 llevado al atrio de la bas\u00edlica el jueves a las 8.45, para el rezo del rosario por todos los fieles antes del inicio de la misa.<\/p>\n<p>Con informaci\u00f3n de www.globovision.com<\/p>\n","protected":false},"excerpt":{"rendered":"<p>La capilla ardiente de Benedicto XVI que falleci\u00f3 el pasado s\u00e1bado a los 95 a\u00f1os cerrar\u00e1 este mi\u00e9rcoles despu\u00e9s de tres d\u00edas y cerca de 135.000 personas han podido ya despedirse del papa em\u00e9rito. La bas\u00edlica de San Pedro volvi\u00f3 a abrir y varios cientos de personas empezaron a entrar ordenadamente, pero sin las largas [&hellip;]<\/p>\n","protected":false},"author":19,"featured_media":234887,"comment_status":"closed","ping_status":"closed","sticky":false,"template":"","format":"standard","meta":{"footnotes":""},"categories":[8],"tags":[],"class_list":{"0":"post-234886","1":"post","2":"type-post","3":"status-publish","4":"format-standard","5":"has-post-thumbnail","7":"category-internacionales"},"_links":{"self":[{"href":"https:\/\/elluchador.info\/index.php?rest_route=\/wp\/v2\/posts\/234886","targetHints":{"allow":["GET"]}}],"collection":[{"href":"https:\/\/elluchador.info\/index.php?rest_route=\/wp\/v2\/posts"}],"about":[{"href":"https:\/\/elluchador.info\/index.php?rest_route=\/wp\/v2\/types\/post"}],"author":[{"embeddable":true,"href":"https:\/\/elluchador.info\/index.php?rest_route=\/wp\/v2\/users\/19"}],"replies":[{"embeddable":true,"href":"https:\/\/elluchador.info\/index.php?rest_route=%2Fwp%2Fv2%2Fcomments&post=234886"}],"version-history":[{"count":1,"href":"https:\/\/elluchador.info\/index.php?rest_route=\/wp\/v2\/posts\/234886\/revisions"}],"predecessor-version":[{"id":234888,"href":"https:\/\/elluchador.info\/index.php?rest_route=\/wp\/v2\/posts\/234886\/revisions\/234888"}],"wp:featuredmedia":[{"embeddable":true,"href":"https:\/\/elluchador.info\/index.php?rest_route=\/wp\/v2\/media\/234887"}],"wp:attachment":[{"href":"https:\/\/elluchador.info\/index.php?rest_route=%2Fwp%2Fv2%2Fmedia&parent=234886"}],"wp:term":[{"taxonomy":"category","embeddable":true,"href":"https:\/\/elluchador.info\/index.php?rest_route=%2Fwp%2Fv2%2Fcategories&post=234886"},{"taxonomy":"post_tag","embeddable":true,"href":"https:\/\/elluchador.info\/index.php?rest_route=%2Fwp%2Fv2%2Ftags&post=234886"}],"curies":[{"name":"wp","href":"https:\/\/api.w.org\/{rel}","templated":true}]}}