{"id":234895,"date":"2023-01-04T10:11:50","date_gmt":"2023-01-04T14:11:50","guid":{"rendered":"https:\/\/elluchador.info\/web\/?p=234895"},"modified":"2023-01-04T10:11:50","modified_gmt":"2023-01-04T14:11:50","slug":"el-papa-recuerda-a-benedicto-xvi-como-un-gran-maestro-de-catequesis","status":"publish","type":"post","link":"https:\/\/elluchador.info\/?p=234895","title":{"rendered":"El papa recuerda a Benedicto XVI como \u00abun gran maestro de catequesis\u00bb"},"content":{"rendered":"<p>Francisco record\u00f3 a Benedicto XVI, fallecido el pasado s\u00e1bado a los 95 a\u00f1os, como \u00abun gran maestro de catequesis\u00bb con \u00abun pensamiento agudo y educado\u00bb, al inicio de la audiencia general celebrada en el aula Pablo VI, mientras en la bas\u00edlica de San Pedro contin\u00faa el \u00faltimo adi\u00f3s de los fieles al papa em\u00e9rito.<\/p>\n<p>\u00abAntes de comenzar esta catequesis, quisiera que nos uni\u00e9ramos a los que est\u00e1n aqu\u00ed a nuestro lado rindiendo homenaje a Benedicto XVI y dirijo mi pensamiento a \u00e9l, que fue un gran maestro de catequesis\u00bb, dijo el papa Francisco al comenzar la audiencia.<\/p>\n<p>Y continu\u00f3: \u00abSu pensamiento agudo y educado no era autorreferencial, sino eclesial, porque siempre quiso acompa\u00f1arnos al encuentro con Jes\u00fas. Jes\u00fas, el Crucificado resucitado, el Viviente y el Se\u00f1or, fue la meta a la que nos condujo el papa Benedicto, llev\u00e1ndonos de la mano. Que nos ayude a redescubrir en Cristo la alegr\u00eda de creer y la esperanza de vivir\u00bb.<\/p>\n<p>En el pr\u00f3logo escrito por Francisco de un libro de recopilaci\u00f3n de escritos de Benedicto XVI y que fue adelantado hoy por los medios italianos, el pont\u00edfice argentino escribe: \u00abAgradecemos sinceramente a Dios por habernos dado al Papa Benedicto XVI, con su palabra y su testimonio, nos ha ense\u00f1ado que mediante la reflexi\u00f3n, el pensamiento, el estudio, la escucha, el di\u00e1logo y, sobre todo, la oraci\u00f3n, es posible servir a la Iglesia y hacer el bien a toda la humanidad\u00bb.<\/p>\n<p>Ma\u00f1ana, Francisco oficiar\u00e1 el funeral de Benedicto XVI que se celebrar\u00e1 en la plaza de San Pedro.<\/p>\n<p>Con informaci\u00f3n de www.globovision.com<\/p>\n","protected":false},"excerpt":{"rendered":"<p>Francisco record\u00f3 a Benedicto XVI, fallecido el pasado s\u00e1bado a los 95 a\u00f1os, como \u00abun gran maestro de catequesis\u00bb con \u00abun pensamiento agudo y educado\u00bb, al inicio de la audiencia general celebrada en el aula Pablo VI, mientras en la bas\u00edlica de San Pedro contin\u00faa el \u00faltimo adi\u00f3s de los fieles al papa em\u00e9rito. \u00abAntes [&hellip;]<\/p>\n","protected":false},"author":19,"featured_media":234896,"comment_status":"closed","ping_status":"closed","sticky":false,"template":"","format":"standard","meta":{"footnotes":""},"categories":[8],"tags":[],"class_list":{"0":"post-234895","1":"post","2":"type-post","3":"status-publish","4":"format-standard","5":"has-post-thumbnail","7":"category-internacionales"},"_links":{"self":[{"href":"https:\/\/elluchador.info\/index.php?rest_route=\/wp\/v2\/posts\/234895","targetHints":{"allow":["GET"]}}],"collection":[{"href":"https:\/\/elluchador.info\/index.php?rest_route=\/wp\/v2\/posts"}],"about":[{"href":"https:\/\/elluchador.info\/index.php?rest_route=\/wp\/v2\/types\/post"}],"author":[{"embeddable":true,"href":"https:\/\/elluchador.info\/index.php?rest_route=\/wp\/v2\/users\/19"}],"replies":[{"embeddable":true,"href":"https:\/\/elluchador.info\/index.php?rest_route=%2Fwp%2Fv2%2Fcomments&post=234895"}],"version-history":[{"count":1,"href":"https:\/\/elluchador.info\/index.php?rest_route=\/wp\/v2\/posts\/234895\/revisions"}],"predecessor-version":[{"id":234897,"href":"https:\/\/elluchador.info\/index.php?rest_route=\/wp\/v2\/posts\/234895\/revisions\/234897"}],"wp:featuredmedia":[{"embeddable":true,"href":"https:\/\/elluchador.info\/index.php?rest_route=\/wp\/v2\/media\/234896"}],"wp:attachment":[{"href":"https:\/\/elluchador.info\/index.php?rest_route=%2Fwp%2Fv2%2Fmedia&parent=234895"}],"wp:term":[{"taxonomy":"category","embeddable":true,"href":"https:\/\/elluchador.info\/index.php?rest_route=%2Fwp%2Fv2%2Fcategories&post=234895"},{"taxonomy":"post_tag","embeddable":true,"href":"https:\/\/elluchador.info\/index.php?rest_route=%2Fwp%2Fv2%2Ftags&post=234895"}],"curies":[{"name":"wp","href":"https:\/\/api.w.org\/{rel}","templated":true}]}}