{"id":234907,"date":"2023-01-04T10:30:04","date_gmt":"2023-01-04T14:30:04","guid":{"rendered":"https:\/\/elluchador.info\/web\/?p=234907"},"modified":"2023-01-04T10:30:04","modified_gmt":"2023-01-04T14:30:04","slug":"an-iniciara-periodo-de-sesiones-ordinarias-2023-este-5-de-enero","status":"publish","type":"post","link":"https:\/\/elluchador.info\/?p=234907","title":{"rendered":"AN iniciar\u00e1 periodo de sesiones ordinarias 2023 este 5 de enero"},"content":{"rendered":"<p>La Asamblea Nacional (AN) iniciar\u00e1 el periodo de sesiones ordinarias 2023 este jueves 5 de enero a las 11:00 de la ma\u00f1ana, de acuerdo a informaci\u00f3n suministrada por la oficina de prensa del parlamento.<\/p>\n<p>En este sentido, el presidente del Poder Legislativo, diputado Jorge Rodr\u00edguez convoc\u00f3 este martes a los 277 para la sesi\u00f3n de instalaci\u00f3n que establece la Constituci\u00f3n de la Rep\u00fablica Bolivariana de Venezuela (CRBV) en su art\u00edculo 219 que indica el 5 de enero de cada a\u00f1o para iniciar el periodo anual del Parlamento Nacional. Mientras que el Reglamento Interior y de Debates (Ridan) explica el procedimiento para tal fin en los art\u00edculos 1 y 2.<\/p>\n<p>Se entiende que previo a la sesi\u00f3n de instalaci\u00f3n, la directiva en funciones y otros parlamentarios permanecer\u00e1n en la Casa Amarilla a la espera de la orden de\u00a0 los funcionarios de protocolo de la AN para desplazarse hacia la Plaza Bol\u00edvar en donde rendir\u00e1n honores a la estatua ecuestre del Padre de la Patria El Libertador Sim\u00f3n Bol\u00edvar, para luego trasladarse al Palacio Federal Legislativo con el fin de iniciar el proceso de instalaci\u00f3n de la sesi\u00f3n y la escogencia de la nueva directiva.<\/p>\n<p>El diputado Jorge Rodr\u00edguez fungir\u00e1 como director de debate de esta sesi\u00f3n de instalaci\u00f3n debido a que cumpli\u00f3 el segundo a\u00f1o como presidente del legislativo. Le corresponde, por tanto, ocupar la curul correspondiente en la Tribuna de la Junta Directiva y desde all\u00ed dirigir\u00e1 la sesi\u00f3n provisionalmente.<\/p>\n<p>De acuerdo al art\u00edculo 3 del Ridan, se anunciar\u00e1 a la diputada o el diputado de m\u00e1s edad como el responsable de dirigir la Comisi\u00f3n de Instalaci\u00f3n que tendr\u00e1 a dos asamble\u00edstas, quienes cumplir\u00e1n la funci\u00f3n de Secretaria o Secretario y Subsecretaria o Subsecretario accidentales para hacer los procedimientos protocolares establecidos en la ley.<\/p>\n<p>El director de debate debe elegir cincos diputados para revisar las credenciales de todos los parlamentarios presentes en la sesi\u00f3n y as\u00ed comenzar la lectura de la plancha de los postulados a los cargos para despu\u00e9s proceder a votar en Plenaria por quienes integrar\u00e1n la nueva Junta Directiva de la AN, tal como lo se\u00f1ala el art\u00edculo 8 del Ridan.<\/p>\n<p>Al ser elegido en su seno los integrantes de la Directiva, a la presidenta o el presidente, a la primera vicepresidenta o primer vicepresidente y segunda vicepresidenta o segundo vicepresidente, secretaria o secretario y a la subsecretaria o subsecretario por el per\u00edodo de un a\u00f1o, como lo se\u00f1ala el art\u00edculo 194 de la CRBV, ser\u00e1n juramentados por la comisi\u00f3n para luego ocupar su cargo,\u00a0 al\u00a0 cual fueron electos por la C\u00e1mara Plena.<\/p>\n<p>Seguidamente, el presidente o presidenta, sentado en su puesto de la tribuna declarar\u00e1 instalada la AN y lo participar\u00e1 al Poder Ejecutivo, al Poder Judicial, al Poder Ciudadano y al Poder Electoral en los d\u00edas siguientes. Igualmente,\u00a0 la AN participar\u00e1 de su instalaci\u00f3n a los voceros y voceras del Poder Popular.<\/p>\n<p>Con la Junta Directiva instalada, la AN comenzar\u00e1 formalmente un nuevo per\u00edodo anual para cumplir sus funciones tal como lo expresa el 187 constitucional acerca de las atribuciones del Poder Legislativo.<\/p>\n<p>Mensaje anual del presidente de la Rep\u00fablica<\/p>\n<p>De acuerdo al art\u00edculo 237 de la CRBV, el presidente o presidenta de la Rep\u00fablica presentar\u00e1 cada a\u00f1o personalmente ante la AN un mensaje en que da cuenta de los aspectos pol\u00edticos, econ\u00f3micos, sociales y administrativos de su gesti\u00f3n durante el a\u00f1o inmediatamente anterior.<\/p>\n<p>En tal sentido, la visita del jefe de Estado a la AN se producir\u00e1 el 15 de enero de cada a\u00f1o, o d\u00edas antes o despu\u00e9s.<\/p>\n<p>En ese momento el mandatario nacional deber\u00e1 entregar, por escrito a la Junta Directiva de la AN, su Memoria y Cuenta del a\u00f1o 2022 para dejar constancia de su participaci\u00f3n en el acto ante el Poder Legislativo.<\/p>\n<p>Balance de gesti\u00f3n de la AN<\/p>\n<p>En los \u00faltimos dos a\u00f1os el Poder Legislativo ha sancionado 59 leyes y aprob\u00f3 39 proyectos de ley en primera discusi\u00f3n, las cuales se encuentran en consulta p\u00fablica para ser sometidas a segundo debate en plenaria.<\/p>\n<p>Durante el a\u00f1o 2022, la AN sancion\u00f3 27 leyes y desarroll\u00f3 73 sesiones (entre ordinarias, especiales y solemnes) cumpliendo su rol de ente legislador y de ejercer funciones de control sobre el gobierno y la Administraci\u00f3n P\u00fablica consagrados en los art\u00edculos 187 y 202 de la carta magna.<\/p>\n<p>Los instrumentos corregidos son la Ley Org\u00e1nica del Tribunal Supremo de Justicia, la Ley de Impuesto a las Grandes Transacciones Financieras, la Ley para la Protecci\u00f3n de las Familias, la Maternidad y la Paternidad, la Ley de Publicaciones Oficiales y la Ley Org\u00e1nica de Ciencia, Tecnolog\u00eda e Innovaci\u00f3n.<\/p>\n<p>Tambi\u00e9n fueron aprobadas la Ley contra la Corrupci\u00f3n, la Ley Org\u00e1nica de la Defensa P\u00fablica, la Ley de Int\u00e9rpretes P\u00fablicos, la Ley Derogatoria de la Ley sobre la Condecoraci\u00f3n Orden Francisco Fajardo, la Ley Org\u00e1nica de las Zonas Econ\u00f3micas Especiales y la Ley de Registro de Antecedentes Penales.<\/p>\n<p>Otras de las sancionadas son la Ley de sellos, Ley de Archivos Nacionales, Ley de la Actividad Aseguradora, Ley sobre la Condecoraci\u00f3n Orden Gran Cacique Guaicaipuro \u201cGuapotori Guaicaipuro\u201d, Ley que Regula el Uso del Nombre, T\u00edtulos y Efigie de El Libertador Sim\u00f3n Bol\u00edvar.<\/p>\n<p>Igual fueron aprobadas la Ley Aprobatoria del Acuerdo de Servicios A\u00e9reos entre San Vicente y Las Granadinas y la Rep\u00fablica Bolivariana de Venezuela; la Ley Especial de Trabajadoras y Trabajadores a Domicilio, la Ley de la Condecoraci\u00f3n Orden \u201cDar\u00edo Vivas\u201d, la Ley de Presupuesto para el Ejercicio Fiscal 2023, y la Ley Especial de Endeudamiento Anual para el Ejercicio Econ\u00f3mico Financiero 2023.<\/p>\n<p>Adem\u00e1s, el parlamento autoriz\u00f3 17 leyes en primera discusi\u00f3n y 77 acuerdos, de los cuales vale mencionar el de respaldo y felicitaciones al pueblo de Brasil y a su presidente Luiz In\u00e1cio Lula da Silva por la victoria en las elecciones presidenciales del 30 de octubre.<\/p>\n<p>Igualmente, el legislativo licenci\u00f3 16 embajadores nombrados por el Ejecutivo nacional para ejercer la funci\u00f3n de representantes del pa\u00eds en otras naciones y se conformaron 47 Grupos de Amistad Parlamentaria, a objeto de establecer o afianzar relaciones con los poderes legislativos de otras naciones.<\/p>\n<p>Entre las actividades m\u00e1s destacadas en 2022 tenemos que el Poder Legislativo celebr\u00f3 en el Palacio Federal Legislativo el 48 aniversario de las relaciones diplom\u00e1ticas entre la Rep\u00fablica Popular China y la Rep\u00fablica Bolivariana de Venezuela.<\/p>\n<p>En este mismo orden de ideas los parlamentos de Venezuela y Colombia firmaron un acuerdo de cooperaci\u00f3n integral para avanzar en el relanzamiento de las relaciones bilaterales, en el Puente Internacional Sim\u00f3n Bol\u00edvar.<\/p>\n<p>AN y Mesa de Di\u00e1logo<\/p>\n<p>Por su parte, el presidente de la Asamblea Nacional (AN), diputado Jorge Rodr\u00edguez y jefe plenipotenciario de la delegaci\u00f3n del Gobierno nacional en la Mesa de Di\u00e1logo por la Paz en M\u00e9xico, recibi\u00f3 durante el a\u00f1o 2022 a varios emisarios y delegaciones de Estados Unidos para dar continuidad al di\u00e1logo y la agenda iniciada el 5 de marzo de 2022 entre ambos pa\u00edses, reconocido por el presidente de la Rep\u00fablica Bolivariana de Venezuela, Nicol\u00e1s Maduro.<\/p>\n<p>En este mismo orden de ideas la Asamblea Nacional (AN) respald\u00f3 y ratific\u00f3 por unanimidad, en todas sus partes, el Segundo Acuerdo Parcial para la Protecci\u00f3n Social del Pueblo Venezolano, suscrito entre el Gobierno de Venezuela y la autodenominada Plataforma \u00danica (oposiciones) en M\u00e9xico, el pasado 26 de noviembre, donde se est\u00e1n recuperando m\u00e1s de tres mil millones de d\u00f3lares, de los m\u00e1s de 24 mil millones de d\u00f3lares que est\u00e1n retenidos.<\/p>\n<p>El parlamentario Rodr\u00edguez ha exigido en reiteradas oportunidades al gobierno de los Estados Unidos la libertad plena del diplom\u00e1tico venezolano Alex Nain Saab Mora, quien fue secuestrado el 12 de junio de 2020 en Cabo Verde cuando se desplegaba por el mundo buscando comida, medicamentos y combustible para el pueblo de Venezuela que sufr\u00eda la crisis generada por el bloqueo econ\u00f3mico y las\u00a0\u00a0 medidas coercitivas imperiales contra el pa\u00eds.<\/p>\n<p>Con informaci\u00f3n de www.vtv.gob.ve<\/p>\n","protected":false},"excerpt":{"rendered":"<p>La Asamblea Nacional (AN) iniciar\u00e1 el periodo de sesiones ordinarias 2023 este jueves 5 de enero a las 11:00 de la ma\u00f1ana, de acuerdo a informaci\u00f3n suministrada por la oficina de prensa del parlamento. En este sentido, el presidente del Poder Legislativo, diputado Jorge Rodr\u00edguez convoc\u00f3 este martes a los 277 para la sesi\u00f3n de [&hellip;]<\/p>\n","protected":false},"author":19,"featured_media":234908,"comment_status":"closed","ping_status":"closed","sticky":false,"template":"","format":"standard","meta":{"footnotes":""},"categories":[11],"tags":[],"class_list":{"0":"post-234907","1":"post","2":"type-post","3":"status-publish","4":"format-standard","5":"has-post-thumbnail","7":"category-politica"},"_links":{"self":[{"href":"https:\/\/elluchador.info\/index.php?rest_route=\/wp\/v2\/posts\/234907","targetHints":{"allow":["GET"]}}],"collection":[{"href":"https:\/\/elluchador.info\/index.php?rest_route=\/wp\/v2\/posts"}],"about":[{"href":"https:\/\/elluchador.info\/index.php?rest_route=\/wp\/v2\/types\/post"}],"author":[{"embeddable":true,"href":"https:\/\/elluchador.info\/index.php?rest_route=\/wp\/v2\/users\/19"}],"replies":[{"embeddable":true,"href":"https:\/\/elluchador.info\/index.php?rest_route=%2Fwp%2Fv2%2Fcomments&post=234907"}],"version-history":[{"count":1,"href":"https:\/\/elluchador.info\/index.php?rest_route=\/wp\/v2\/posts\/234907\/revisions"}],"predecessor-version":[{"id":234909,"href":"https:\/\/elluchador.info\/index.php?rest_route=\/wp\/v2\/posts\/234907\/revisions\/234909"}],"wp:featuredmedia":[{"embeddable":true,"href":"https:\/\/elluchador.info\/index.php?rest_route=\/wp\/v2\/media\/234908"}],"wp:attachment":[{"href":"https:\/\/elluchador.info\/index.php?rest_route=%2Fwp%2Fv2%2Fmedia&parent=234907"}],"wp:term":[{"taxonomy":"category","embeddable":true,"href":"https:\/\/elluchador.info\/index.php?rest_route=%2Fwp%2Fv2%2Fcategories&post=234907"},{"taxonomy":"post_tag","embeddable":true,"href":"https:\/\/elluchador.info\/index.php?rest_route=%2Fwp%2Fv2%2Ftags&post=234907"}],"curies":[{"name":"wp","href":"https:\/\/api.w.org\/{rel}","templated":true}]}}