{"id":234920,"date":"2023-01-04T11:27:41","date_gmt":"2023-01-04T15:27:41","guid":{"rendered":"https:\/\/elluchador.info\/web\/?p=234920"},"modified":"2023-01-04T11:27:41","modified_gmt":"2023-01-04T15:27:41","slug":"lula-da-silva-realizara-su-primera-gira-oficial-a-argentina","status":"publish","type":"post","link":"https:\/\/elluchador.info\/?p=234920","title":{"rendered":"Lula da Silva realizar\u00e1 su primera gira oficial a Argentina"},"content":{"rendered":"<p>El presidente de Brasil, Luiz In\u00e1cio Lula da Silva, realizar\u00e1 su primera gira oficial al exterior viajando a Argentina a finales de enero y luego visitar\u00e1 Estados Unidos, Portugal y China.<\/p>\n<p>De acuerdo con informaci\u00f3n oficial, Lula participar\u00e1 en la cumbre de la Comunidad de Estados Latinoamericanos y Caribe\u00f1os (Celac), que tendr\u00e1 lugar entre el 23 y el 24 de enero en Buenos Aires, como lo indicara el mandatario argentino hace dos d\u00edas en su cuenta Twitter.<\/p>\n<p>\u00abEl 23 de enero nos encontraremos en Argentina para avanzar con acciones concretas e institucionalizar esta relaci\u00f3n, y el 24 nos reuniremos con la @PPT_CELAC. Te espero con los brazos abiertos y mucho cari\u00f1o, @LulaOficial, como te espera el pueblo argentino\u00bb, esctribi\u00f3 Fern\u00e1ndez.<\/p>\n<blockquote class=\"twitter-tweet\" data-width=\"550\" data-dnt=\"true\">\n<p lang=\"es\" dir=\"ltr\">Mantuve una extraordinaria reuni\u00f3n bilateral con el flamante presidente de Brasil, <a href=\"https:\/\/twitter.com\/LulaOficial?ref_src=twsrc%5Etfw\">@LulaOficial<\/a> \ud83c\udde7\ud83c\uddf7<\/p>\n<p>Conversamos sobre la importancia y la necesidad de profundizar el indisoluble e hist\u00f3rico v\u00ednculo entre ambos pa\u00edses, que durante los \u00faltimos a\u00f1os hab\u00eda sido dif\u00edcil concretar. <a href=\"https:\/\/t.co\/R2DzwEEml4\">pic.twitter.com\/R2DzwEEml4<\/a><\/p>\n<p>&mdash; Alberto Fern\u00e1ndez (@alferdez) <a href=\"https:\/\/twitter.com\/alferdez\/status\/1609957078604603392?ref_src=twsrc%5Etfw\">January 2, 2023<\/a><\/p><\/blockquote>\n<p><script async src=\"https:\/\/platform.twitter.com\/widgets.js\" charset=\"utf-8\"><\/script><\/p>\n<p>Luego, pero a\u00fan sin fecha definida, debe reunirse con su par estadounidense, Joe Biden, en Washington.<\/p>\n<p>Mientras que a China, primer socio comercial de Brasil, viajar\u00e1 \u00abdespu\u00e9s de marzo\u00bb.<\/p>\n<p>Fuentes oficiales tambi\u00e9n confirmaron que Lula estar\u00e1 en Portugal del 22 al 25 de abril, como hab\u00eda indicado en la v\u00edspera el jefe de Estado luso, Marcelo Rebelo, tras reunirse ambos en Brasilia, rese\u00f1a <strong>Prensa Latina.<\/strong><\/p>\n<p><strong>\u00daLTIMAS NOTICIAS<\/strong><\/p>\n","protected":false},"excerpt":{"rendered":"<p>El presidente de Brasil, Luiz In\u00e1cio Lula da Silva, realizar\u00e1 su primera gira oficial al exterior viajando a Argentina a finales de enero y luego visitar\u00e1 Estados Unidos, Portugal y China. De acuerdo con informaci\u00f3n oficial, Lula participar\u00e1 en la cumbre de la Comunidad de Estados Latinoamericanos y Caribe\u00f1os (Celac), que tendr\u00e1 lugar entre el [&hellip;]<\/p>\n","protected":false},"author":33,"featured_media":234921,"comment_status":"closed","ping_status":"closed","sticky":false,"template":"","format":"standard","meta":{"footnotes":""},"categories":[5,8],"tags":[],"class_list":{"0":"post-234920","1":"post","2":"type-post","3":"status-publish","4":"format-standard","5":"has-post-thumbnail","7":"category-destacado","8":"category-internacionales"},"_links":{"self":[{"href":"https:\/\/elluchador.info\/index.php?rest_route=\/wp\/v2\/posts\/234920","targetHints":{"allow":["GET"]}}],"collection":[{"href":"https:\/\/elluchador.info\/index.php?rest_route=\/wp\/v2\/posts"}],"about":[{"href":"https:\/\/elluchador.info\/index.php?rest_route=\/wp\/v2\/types\/post"}],"author":[{"embeddable":true,"href":"https:\/\/elluchador.info\/index.php?rest_route=\/wp\/v2\/users\/33"}],"replies":[{"embeddable":true,"href":"https:\/\/elluchador.info\/index.php?rest_route=%2Fwp%2Fv2%2Fcomments&post=234920"}],"version-history":[{"count":1,"href":"https:\/\/elluchador.info\/index.php?rest_route=\/wp\/v2\/posts\/234920\/revisions"}],"predecessor-version":[{"id":234922,"href":"https:\/\/elluchador.info\/index.php?rest_route=\/wp\/v2\/posts\/234920\/revisions\/234922"}],"wp:featuredmedia":[{"embeddable":true,"href":"https:\/\/elluchador.info\/index.php?rest_route=\/wp\/v2\/media\/234921"}],"wp:attachment":[{"href":"https:\/\/elluchador.info\/index.php?rest_route=%2Fwp%2Fv2%2Fmedia&parent=234920"}],"wp:term":[{"taxonomy":"category","embeddable":true,"href":"https:\/\/elluchador.info\/index.php?rest_route=%2Fwp%2Fv2%2Fcategories&post=234920"},{"taxonomy":"post_tag","embeddable":true,"href":"https:\/\/elluchador.info\/index.php?rest_route=%2Fwp%2Fv2%2Ftags&post=234920"}],"curies":[{"name":"wp","href":"https:\/\/api.w.org\/{rel}","templated":true}]}}