{"id":234929,"date":"2023-01-04T11:56:17","date_gmt":"2023-01-04T15:56:17","guid":{"rendered":"https:\/\/elluchador.info\/web\/?p=234929"},"modified":"2023-01-04T11:56:17","modified_gmt":"2023-01-04T15:56:17","slug":"conviasa-prepara-vuelo-directo-para-conectar-brasil-y-margarita","status":"publish","type":"post","link":"https:\/\/elluchador.info\/?p=234929","title":{"rendered":"Conviasa prepara vuelo directo para conectar Brasil y Margarita"},"content":{"rendered":"<p>El ministro para el Transporte, Ram\u00f3n Vel\u00e1zquez Araguay\u00e1n anunci\u00f3 durante este primer trimestre del a\u00f1o se consolidar\u00e1 un vuelo directo para conectar la isla de Margarita con Brasil.<\/p>\n<p>Explic\u00f3 que a trav\u00e9s de la aerol\u00ednea Conviasa, se afinan detalles para fortalecer el establecimiento de nuevas rutas a\u00e9reas y poder apalancar el desarrollo del turismo nacional.<\/p>\n<p>\u00abEste ser\u00e1 otro destino m\u00e1s que va a permitir llevar m\u00e1s turistas a la perla del caribe y con ello alimentar ese sentimiento de fortaleza que tiene nuestro pa\u00eds que es uno de los m\u00e1s importantes, que garantiza un crecimiento sustentable de la econom\u00eda no petrolera\u00bb, dijo tras destacar la importancia de la llegada este martes de los 500 turistas que atracaron en el puerto El Guamache en el estado Nueva Esparta.<\/p>\n<p>Durante un contacto telef\u00f3nico con la televisora estatal, el ministro tambi\u00e9n inform\u00f3 que en este primer trimestre iniciar\u00e1 una ruta desde Maiquet\u00eda hacia M\u00e9rida, vuelos con frecuencia diarias hasta el aeropuerto Francisco Carnevalli.<\/p>\n<p>Explic\u00f3 que este nuevo vuelo tiene como objetivo apalancar el turismo nacional.<\/p>\n<p>\u00abYa el telef\u00e9rico de M\u00e9rida est\u00e1 funcionando en todas sus estaciones, tal como lo anunci\u00f3 el ministro para el Turismo, Al\u00ed Padr\u00f3n\u00bb, y estos vuelos diarios contribuir\u00e1n en la activaci\u00f3n de la econom\u00eda de ese estado y permitir\u00e1 llevar m\u00e1s turistas a la regi\u00f3n y fortalecer la econom\u00eda meride\u00f1a.<\/p>\n<p>Vel\u00e1zquez Araguay\u00e1n manifest\u00f3 que desde la Gran Misi\u00f3n Transporte \u00abse sienten contentos de ser parte transversal del desarrollo del motor Turismo, tan importante de la econom\u00eda venezolana\u00bb.<\/p>\n<p>M\u00e1s y nuevos vuelos nacionales e internacionales<\/p>\n<p>Otro de los proyectos que se va a materializar en este primer trimestre del a\u00f1o a trav\u00e9s de la Gran Misi\u00f3n Transporte son los vuelos nacionales directos desde Maiquet\u00eda hacia los estados Trujillo; la ciudad de Acarigua, en el estado Portuguesa; Calabozo, estado Gu\u00e1rico y hacia San Fernando de Apure, todos a trav\u00e9s de Conviasa.<\/p>\n<p>El ministro para el Transporte destac\u00f3 la labor realizada por las autoridades de los puertos y aeropuertos del pa\u00eds, ya que el pa\u00eds presenta actualmente aeropuertos y puertos en \u00f3ptimas condiciones, mejorando cada d\u00eda su imagen y sus servicios, por lo que apuesta hacia un \u00e9xito en materia de movilidad en este nuevo a\u00f1o 2023 \u00abpara fortalecer el motor transporte y turismo, que van de la mano\u00bb, dijo.<\/p>\n<p>Asimismo anunci\u00f3 que para el 2023 Conviasa realizar\u00e1 la apertura de nuevas rutas internacionales, como la del vuelo directo a Sao Paolo, Brasil; Caracas \u2013 Argelia y Caracas- La Habana con conexi\u00f3n hacia Mosc\u00fa, Rusia, todo esto con el objetivo de acercar mucho m\u00e1s a los vuelos hermanos. \u00abDesde la Gran Misi\u00f3n Transporte realizamos grandes trabajos y logros para enaltacer el esfuerzo del pa\u00eds, proyectar las actividades a\u00e9reas y hacia lo mundial\u00bb, dijo el ministro.<\/p>\n<p>Tambi\u00e9n anunci\u00f3 que para este nuevo a\u00f1o 2023, a trav\u00e9s de la Gran Misi\u00f3n Transporte tambi\u00e9n se instaurar\u00e1n nuevas conexiones acu\u00e1ticas, como la de G\u00fciria-Trinidad y Tobago, con embarcaciones criollas, \u00abnavegaci\u00f3n que se ha desarrollado a lo interno\u00bb, subray\u00f3.<\/p>\n<p>Con informaci\u00f3n de ultimasnoticias.com.ve<\/p>\n","protected":false},"excerpt":{"rendered":"<p>El ministro para el Transporte, Ram\u00f3n Vel\u00e1zquez Araguay\u00e1n anunci\u00f3 durante este primer trimestre del a\u00f1o se consolidar\u00e1 un vuelo directo para conectar la isla de Margarita con Brasil. Explic\u00f3 que a trav\u00e9s de la aerol\u00ednea Conviasa, se afinan detalles para fortalecer el establecimiento de nuevas rutas a\u00e9reas y poder apalancar el desarrollo del turismo nacional. [&hellip;]<\/p>\n","protected":false},"author":19,"featured_media":234930,"comment_status":"closed","ping_status":"closed","sticky":false,"template":"","format":"standard","meta":{"footnotes":""},"categories":[9],"tags":[],"class_list":{"0":"post-234929","1":"post","2":"type-post","3":"status-publish","4":"format-standard","5":"has-post-thumbnail","7":"category-nacionales"},"_links":{"self":[{"href":"https:\/\/elluchador.info\/index.php?rest_route=\/wp\/v2\/posts\/234929","targetHints":{"allow":["GET"]}}],"collection":[{"href":"https:\/\/elluchador.info\/index.php?rest_route=\/wp\/v2\/posts"}],"about":[{"href":"https:\/\/elluchador.info\/index.php?rest_route=\/wp\/v2\/types\/post"}],"author":[{"embeddable":true,"href":"https:\/\/elluchador.info\/index.php?rest_route=\/wp\/v2\/users\/19"}],"replies":[{"embeddable":true,"href":"https:\/\/elluchador.info\/index.php?rest_route=%2Fwp%2Fv2%2Fcomments&post=234929"}],"version-history":[{"count":1,"href":"https:\/\/elluchador.info\/index.php?rest_route=\/wp\/v2\/posts\/234929\/revisions"}],"predecessor-version":[{"id":234931,"href":"https:\/\/elluchador.info\/index.php?rest_route=\/wp\/v2\/posts\/234929\/revisions\/234931"}],"wp:featuredmedia":[{"embeddable":true,"href":"https:\/\/elluchador.info\/index.php?rest_route=\/wp\/v2\/media\/234930"}],"wp:attachment":[{"href":"https:\/\/elluchador.info\/index.php?rest_route=%2Fwp%2Fv2%2Fmedia&parent=234929"}],"wp:term":[{"taxonomy":"category","embeddable":true,"href":"https:\/\/elluchador.info\/index.php?rest_route=%2Fwp%2Fv2%2Fcategories&post=234929"},{"taxonomy":"post_tag","embeddable":true,"href":"https:\/\/elluchador.info\/index.php?rest_route=%2Fwp%2Fv2%2Ftags&post=234929"}],"curies":[{"name":"wp","href":"https:\/\/api.w.org\/{rel}","templated":true}]}}