{"id":234948,"date":"2023-01-04T12:35:40","date_gmt":"2023-01-04T16:35:40","guid":{"rendered":"https:\/\/elluchador.info\/web\/?p=234948"},"modified":"2023-01-04T12:35:40","modified_gmt":"2023-01-04T16:35:40","slug":"fallece-walter-cunningham-el-ultimo-astronauta-de-la-primera-mision-apolo-tripulada","status":"publish","type":"post","link":"https:\/\/elluchador.info\/?p=234948","title":{"rendered":"Fallece Walter Cunningham, el \u00faltimo astronauta de la primera misi\u00f3n Apolo tripulada"},"content":{"rendered":"<p>Walter Cunningham, el \u00faltimo de los tres astronautas a bordo del primer vuelo espacial Apolo tripulado que orbit\u00f3 la Tierra en 1968, ha muerto este martes a los 90 a\u00f1os de edad en Houston, seg\u00fan ha anunciado la agencia espacial estadounidense NASA.<\/p>\n<p>\u201cLa NASA siempre recordar\u00e1 sus contribuciones al programa espacial de nuestra naci\u00f3n y env\u00eda nuestras condolencias a la familia Cunningham\u201d, ha indicado el director de la NASA, Bill Nelson.<\/p>\n<p>\u201cWalt Cunningham fue piloto de combate, f\u00edsico y empresario, pero, sobre todo, fue un explorador\u201d, ha declarado Nelson, que ha asegurado que \u201cWalt y sus compa\u00f1eros de tripulaci\u00f3n hicieron historia\u201d en el Apolo 7, \u201callanando el camino para la Generaci\u00f3n Artemisa que vemos hoy\u201d.<\/p>\n<p>La familia del ex astronauta ha afirmado que le gustar\u00eda expresar su \u201cinmenso orgullo por la vida que vivi\u00f3\u201d, as\u00ed como la \u201cprofunda gratitud por el hombre que fue\u201d. \u201cEl mundo ha perdido a otro verdadero h\u00e9roe, y lo extra\u00f1aremos mucho\u201d, ha sentenciado.<\/p>\n<p>La directora del Centro Espacial Johnson de la NASA, Vanessa Wyche, ha agregado que se encuentran \u201cen deuda con el servicio de Walt\u201d, mientras que ha destacado \u201csu dedicaci\u00f3n al avance de la exploraci\u00f3n espacial humana\u201d.<\/p>\n<p><strong>INFOBAE<\/strong><\/p>\n","protected":false},"excerpt":{"rendered":"<p>Walter Cunningham, el \u00faltimo de los tres astronautas a bordo del primer vuelo espacial Apolo tripulado que orbit\u00f3 la Tierra en 1968, ha muerto este martes a los 90 a\u00f1os de edad en Houston, seg\u00fan ha anunciado la agencia espacial estadounidense NASA. \u201cLa NASA siempre recordar\u00e1 sus contribuciones al programa espacial de nuestra naci\u00f3n y [&hellip;]<\/p>\n","protected":false},"author":33,"featured_media":234949,"comment_status":"closed","ping_status":"closed","sticky":false,"template":"","format":"standard","meta":{"footnotes":""},"categories":[3],"tags":[],"class_list":{"0":"post-234948","1":"post","2":"type-post","3":"status-publish","4":"format-standard","5":"has-post-thumbnail","7":"category-curiosidades"},"_links":{"self":[{"href":"https:\/\/elluchador.info\/index.php?rest_route=\/wp\/v2\/posts\/234948","targetHints":{"allow":["GET"]}}],"collection":[{"href":"https:\/\/elluchador.info\/index.php?rest_route=\/wp\/v2\/posts"}],"about":[{"href":"https:\/\/elluchador.info\/index.php?rest_route=\/wp\/v2\/types\/post"}],"author":[{"embeddable":true,"href":"https:\/\/elluchador.info\/index.php?rest_route=\/wp\/v2\/users\/33"}],"replies":[{"embeddable":true,"href":"https:\/\/elluchador.info\/index.php?rest_route=%2Fwp%2Fv2%2Fcomments&post=234948"}],"version-history":[{"count":1,"href":"https:\/\/elluchador.info\/index.php?rest_route=\/wp\/v2\/posts\/234948\/revisions"}],"predecessor-version":[{"id":234950,"href":"https:\/\/elluchador.info\/index.php?rest_route=\/wp\/v2\/posts\/234948\/revisions\/234950"}],"wp:featuredmedia":[{"embeddable":true,"href":"https:\/\/elluchador.info\/index.php?rest_route=\/wp\/v2\/media\/234949"}],"wp:attachment":[{"href":"https:\/\/elluchador.info\/index.php?rest_route=%2Fwp%2Fv2%2Fmedia&parent=234948"}],"wp:term":[{"taxonomy":"category","embeddable":true,"href":"https:\/\/elluchador.info\/index.php?rest_route=%2Fwp%2Fv2%2Fcategories&post=234948"},{"taxonomy":"post_tag","embeddable":true,"href":"https:\/\/elluchador.info\/index.php?rest_route=%2Fwp%2Fv2%2Ftags&post=234948"}],"curies":[{"name":"wp","href":"https:\/\/api.w.org\/{rel}","templated":true}]}}