{"id":234954,"date":"2023-01-04T13:17:25","date_gmt":"2023-01-04T17:17:25","guid":{"rendered":"https:\/\/elluchador.info\/web\/?p=234954"},"modified":"2023-01-04T13:17:25","modified_gmt":"2023-01-04T17:17:25","slug":"venezuela-reforzara-plan-de-energias-alternativas-en-los-proximos-3-anos","status":"publish","type":"post","link":"https:\/\/elluchador.info\/?p=234954","title":{"rendered":"Venezuela reforzar\u00e1 Plan de Energ\u00edas Alternativas en los pr\u00f3ximos 3 a\u00f1os"},"content":{"rendered":"<p class=\"MsoNormal\">El Gobierno nacional impulsa el desarrollo de energ\u00edas alternativas a trav\u00e9s de convenios nacionales e internacionales, entre los que destaca el Plan de Energ\u00edas Alternativas, que tiene prevista la instalaci\u00f3n de 2.000 vatios de energ\u00eda solar en el pa\u00eds, en los pr\u00f3ximos tres a\u00f1os.<\/p>\n<p class=\"MsoNormal\">As\u00ed lo inform\u00f3 el ministro del Poder Popular para la Energ\u00eda El\u00e9ctrica, Ne\u0301stor Reverol, a trav\u00e9s de su cuenta en la red social Instagram, @reverolnestor.<\/p>\n<p class=\"MsoNormal\">El Plan de Energ\u00edas Alternativas se realizar\u00e1 en una primera fase, que incluye el desarrollo de 2.000 vatios solares, iniciando con 500 megavatios que ser\u00e1n construidos en los estados Zulia, Falc\u00f3n y Lara, para luego implementar una segunda y tercera fase que incluir\u00e1 diferentes estados del centro y del oeste de la naci\u00f3n.<\/p>\n<p class=\"MsoNormal\">El funcionario venezolano public\u00f3 un video donde tambi\u00e9n se destaca, que durante el a\u00f1o 2022, se instalaron m\u00e1s de mil 700 luminarias solares en 11 estados del pa\u00eds, dando prioridad al alumbrando en diferentes comunidades ind\u00edgenas y sectores aislados; as\u00ed como tambi\u00e9n, importantes avenidas en el territorio nacional.<\/p>\n<p class=\"MsoNormal\">Igualmente, Venezuela asumi\u00f3 la Vicepresidencia para Am\u00e9rica Latina y el Caribe de la Alianza Solar Internacional para el periodo 2023-2024, que representa un trabajo conjunto con 19 pa\u00edses.<\/p>\n<p class=\"MsoNormal\">Con informaci\u00f3n de www.vtv.gob.ve<\/p>\n","protected":false},"excerpt":{"rendered":"<p>El Gobierno nacional impulsa el desarrollo de energ\u00edas alternativas a trav\u00e9s de convenios nacionales e internacionales, entre los que destaca el Plan de Energ\u00edas Alternativas, que tiene prevista la instalaci\u00f3n de 2.000 vatios de energ\u00eda solar en el pa\u00eds, en los pr\u00f3ximos tres a\u00f1os. As\u00ed lo inform\u00f3 el ministro del Poder Popular para la Energ\u00eda [&hellip;]<\/p>\n","protected":false},"author":19,"featured_media":234955,"comment_status":"closed","ping_status":"closed","sticky":false,"template":"","format":"standard","meta":{"footnotes":""},"categories":[9],"tags":[],"class_list":{"0":"post-234954","1":"post","2":"type-post","3":"status-publish","4":"format-standard","5":"has-post-thumbnail","7":"category-nacionales"},"_links":{"self":[{"href":"https:\/\/elluchador.info\/index.php?rest_route=\/wp\/v2\/posts\/234954","targetHints":{"allow":["GET"]}}],"collection":[{"href":"https:\/\/elluchador.info\/index.php?rest_route=\/wp\/v2\/posts"}],"about":[{"href":"https:\/\/elluchador.info\/index.php?rest_route=\/wp\/v2\/types\/post"}],"author":[{"embeddable":true,"href":"https:\/\/elluchador.info\/index.php?rest_route=\/wp\/v2\/users\/19"}],"replies":[{"embeddable":true,"href":"https:\/\/elluchador.info\/index.php?rest_route=%2Fwp%2Fv2%2Fcomments&post=234954"}],"version-history":[{"count":1,"href":"https:\/\/elluchador.info\/index.php?rest_route=\/wp\/v2\/posts\/234954\/revisions"}],"predecessor-version":[{"id":234956,"href":"https:\/\/elluchador.info\/index.php?rest_route=\/wp\/v2\/posts\/234954\/revisions\/234956"}],"wp:featuredmedia":[{"embeddable":true,"href":"https:\/\/elluchador.info\/index.php?rest_route=\/wp\/v2\/media\/234955"}],"wp:attachment":[{"href":"https:\/\/elluchador.info\/index.php?rest_route=%2Fwp%2Fv2%2Fmedia&parent=234954"}],"wp:term":[{"taxonomy":"category","embeddable":true,"href":"https:\/\/elluchador.info\/index.php?rest_route=%2Fwp%2Fv2%2Fcategories&post=234954"},{"taxonomy":"post_tag","embeddable":true,"href":"https:\/\/elluchador.info\/index.php?rest_route=%2Fwp%2Fv2%2Ftags&post=234954"}],"curies":[{"name":"wp","href":"https:\/\/api.w.org\/{rel}","templated":true}]}}