{"id":234959,"date":"2023-01-04T13:39:09","date_gmt":"2023-01-04T17:39:09","guid":{"rendered":"https:\/\/elluchador.info\/web\/?p=234959"},"modified":"2023-01-04T13:39:09","modified_gmt":"2023-01-04T17:39:09","slug":"servicio-penitenciario-fortalecio-planes-de-atencion-integral-en-2022","status":"publish","type":"post","link":"https:\/\/elluchador.info\/?p=234959","title":{"rendered":"Servicio Penitenciario fortaleci\u00f3 planes de atenci\u00f3n integral en 2022"},"content":{"rendered":"<p>El Ministerio para el Servicio Penitenciario (MPPSP) cerr\u00f3 el a\u00f1o 2022 con el fortalecimiento de los planes estrat\u00e9gicos implementados a la poblaci\u00f3n privada de libertad, a trav\u00e9s de la Comisi\u00f3n Especial para la Revoluci\u00f3n Judicial, con la que se realiz\u00f3 un despliegue a escala nacional y se imparti\u00f3 una justicia r\u00e1pida, oportuna y justa.<\/p>\n<p>De acuerdo con una nota de prensa del MPPSP, la ministra para el Servicio Penitenciario, Mirelys Contreras, destac\u00f3 que durante el a\u00f1o 2022 se consolidaron los planes en cuanto a las Jornadas de Atenci\u00f3n Jur\u00eddica e Integral en los centros penitenciarios del pa\u00eds y en los Centros de Detenci\u00f3n Preventiva.<\/p>\n<p>En tal sentido, Contreras detall\u00f3 que durante estas jornadas se les brind\u00f3 Atenci\u00f3n Jur\u00eddica a 93.277 privadas y privados de libertad. En este plan tambi\u00e9n se incluy\u00f3 a 128.099 adolescentes y j\u00f3venes adultos en conflicto con la Ley Penal.<\/p>\n<p>La Ministra afirm\u00f3 que se fortalecieron \u00abalianzas que han permitido el debido proceso judicial de la poblaci\u00f3n privada de libertad, garantizando sus derechos fundamentales, a trav\u00e9s de la Comisi\u00f3n Especial para la Revoluci\u00f3n Judicial\u00bb.<\/p>\n<p>Tecnolog\u00eda: celeridad en procesos<\/p>\n<p>Con relaci\u00f3n al acceso de la justicia r\u00e1pida, oportuna y justa, la ministra Contreras precis\u00f3 que se foment\u00f3 celeridad en la atenci\u00f3n de los procesos judiciales a trav\u00e9s de mecanismos tecnol\u00f3gicos innovadores, incorporando las audiencias telem\u00e1ticas, por medio del Sistema Tecnol\u00f3gico de Seguridad Penitenciaria (SITESEP). Mediante el referido proceso se otorg\u00f3 un total de 8.957 libertades.<\/p>\n<p>Visita a los centros<\/p>\n<p>De igual forma, Contreras inform\u00f3 que en el a\u00f1o 2022 se realizaron innumerables visitas a los centros penitenciarios y entidades de atenci\u00f3n, durante las cuales se cumpli\u00f3 con las normas del R\u00e9gimen Penitenciario y se verific\u00f3 la garant\u00eda de los derechos humanos de las privadas de libertad y adolescentes en conflicto con la ley penal.<\/p>\n<p>Asimismo, se constat\u00f3 \u00abel buen estado y mejoramiento de las infraestructuras, verificando la seguridad f\u00edsica de todas estas \u00e1reas y brind\u00e1ndole a los privados de libertad espacios de reclusi\u00f3n dignos\u00bb, dijo la Ministra.<\/p>\n<p>Cierre definitivo de Yare I<\/p>\n<p>Por otra parte, fue cerrado definitivamente el Internado Judicial Yare I, en el que m\u00e1s de 800 privados de libertad fueron incorporados al R\u00e9gimen Penitenciario y m\u00e1xima disciplina social.<\/p>\n<p>Adem\u00e1s se realizaron 23 requisas extraordinarias y m\u00e1s de 27.972 requisas ordinarias, indic\u00f3 a titular de Servicio Penitenciario.<\/p>\n<p>Actividades culturales<\/p>\n<p>En cuanto a materia educativa, la nota refiri\u00f3 que se elevaron los programas de formaci\u00f3n con lo cual se logr\u00f3 graduar a m\u00e1s de 600 custodios Penitenciarios, a trav\u00e9s de la alianza con la Universidad Nacional Experimental de la Seguridad (UNES).<\/p>\n<p>Se alcanz\u00f3 la cifra de 1.784 privados libertad incluidos en actividades educativas, en las que se busca mostrar sus talentos y capacidades.<\/p>\n<p>\u00abSe han incorporado un total de mil 784 privados de libertad a programas culturales, educativos, deportivos, religiosos, como los Festivales de bailes, canto y de teatro, que le han permitido tener una visi\u00f3n de una vida positiva hacia la superaci\u00f3n, su rehabilitaci\u00f3n integral, progresiva y posibilitando su transformaci\u00f3n y su reinserci\u00f3n social\u201d, enfatiz\u00f3 la ministra Mirelys Contreras.<\/p>\n<p>Jornadas de vacunaci\u00f3n<\/p>\n<p>Por otra parte, se realizaron jornadas de vacunaci\u00f3n en los centros penitenciarios del pa\u00eds, contra el covid-19, aplicando dosis de vacunaci\u00f3n a 35.750 en adultos y 1.313 en adolescentes.<\/p>\n<p>Con respecto a los diagn\u00f3sticos m\u00e9dicos inmediatos, seguimiento, control, evaluaci\u00f3n integral, jornadas de ginecolog\u00eda, pediatr\u00eda, oftalmolog\u00eda, entre otras especialidades, brindaron atenci\u00f3n a 142.581 adultos y 38.793 adolescentes.<\/p>\n<p>Est\u00e1ndares internacionales<\/p>\n<p>Con estos avances y resultados, el Ministerio para Servicio Penitenciario ha superado los est\u00e1ndares internacionales, establecidos por la Asamblea General de la Organizaci\u00f3n de las Naciones Unidas (ONU), entre ellas, las Reglas Mandela y las denominadas de Bangkok, al garantizar a las personas privadas de libertad sus derechos fundamentales, afirm\u00f3 la ministra Contreras.<\/p>\n<p>Es importante recordar que estas acciones se llevaron a cabo gracias a la pr\u00e1ctica de las Pol\u00edticas P\u00fablicas implementadas por el presidente de la Rep\u00fablica, Nicol\u00e1s Maduro, en conjunto con el Viceministerio Sectorial de Seguridad Ciudadana y Paz, a cargo del A\/J Remigio Ceballos Ichaso, y a los lineamientos establecidos por la ministra para el Servicio Penitenciario, Mirelys Contreras.<\/p>\n<p>Con informaci\u00f3n de ultimasnoticias.com.ve<\/p>\n","protected":false},"excerpt":{"rendered":"<p>El Ministerio para el Servicio Penitenciario (MPPSP) cerr\u00f3 el a\u00f1o 2022 con el fortalecimiento de los planes estrat\u00e9gicos implementados a la poblaci\u00f3n privada de libertad, a trav\u00e9s de la Comisi\u00f3n Especial para la Revoluci\u00f3n Judicial, con la que se realiz\u00f3 un despliegue a escala nacional y se imparti\u00f3 una justicia r\u00e1pida, oportuna y justa. De [&hellip;]<\/p>\n","protected":false},"author":19,"featured_media":234960,"comment_status":"closed","ping_status":"closed","sticky":false,"template":"","format":"standard","meta":{"footnotes":""},"categories":[13],"tags":[],"class_list":{"0":"post-234959","1":"post","2":"type-post","3":"status-publish","4":"format-standard","5":"has-post-thumbnail","7":"category-sucesos"},"_links":{"self":[{"href":"https:\/\/elluchador.info\/index.php?rest_route=\/wp\/v2\/posts\/234959","targetHints":{"allow":["GET"]}}],"collection":[{"href":"https:\/\/elluchador.info\/index.php?rest_route=\/wp\/v2\/posts"}],"about":[{"href":"https:\/\/elluchador.info\/index.php?rest_route=\/wp\/v2\/types\/post"}],"author":[{"embeddable":true,"href":"https:\/\/elluchador.info\/index.php?rest_route=\/wp\/v2\/users\/19"}],"replies":[{"embeddable":true,"href":"https:\/\/elluchador.info\/index.php?rest_route=%2Fwp%2Fv2%2Fcomments&post=234959"}],"version-history":[{"count":1,"href":"https:\/\/elluchador.info\/index.php?rest_route=\/wp\/v2\/posts\/234959\/revisions"}],"predecessor-version":[{"id":234961,"href":"https:\/\/elluchador.info\/index.php?rest_route=\/wp\/v2\/posts\/234959\/revisions\/234961"}],"wp:featuredmedia":[{"embeddable":true,"href":"https:\/\/elluchador.info\/index.php?rest_route=\/wp\/v2\/media\/234960"}],"wp:attachment":[{"href":"https:\/\/elluchador.info\/index.php?rest_route=%2Fwp%2Fv2%2Fmedia&parent=234959"}],"wp:term":[{"taxonomy":"category","embeddable":true,"href":"https:\/\/elluchador.info\/index.php?rest_route=%2Fwp%2Fv2%2Fcategories&post=234959"},{"taxonomy":"post_tag","embeddable":true,"href":"https:\/\/elluchador.info\/index.php?rest_route=%2Fwp%2Fv2%2Ftags&post=234959"}],"curies":[{"name":"wp","href":"https:\/\/api.w.org\/{rel}","templated":true}]}}