{"id":234975,"date":"2023-01-04T15:39:12","date_gmt":"2023-01-04T19:39:12","guid":{"rendered":"https:\/\/elluchador.info\/web\/?p=234975"},"modified":"2023-01-04T15:39:12","modified_gmt":"2023-01-04T19:39:12","slug":"oms-afirma-que-este-ano-podria-acabar-la-emergencia-por-covid","status":"publish","type":"post","link":"https:\/\/elluchador.info\/?p=234975","title":{"rendered":"OMS afirma que este a\u00f1o podr\u00eda acabar la emergencia por covid"},"content":{"rendered":"<p>El director general de la Organizaci\u00f3n Mundial de la Salud (OMS), Tedros Adhanom Ghebreyesus, se mostr\u00f3 en la primera rueda de prensa de 2023 optimista sobre la evoluci\u00f3n de la pandemia del Covid-19 y asegur\u00f3 que \u00absi se trabaja adecuadamente, este ser\u00e1 el a\u00f1o en el que la emergencia p\u00fablica acabe oficialmente\u00bb.<\/p>\n<p>\u00abEntramos ahora en el cuarto a\u00f1o de la pandemia con un mundo que est\u00e1 en una situaci\u00f3n mucho mejor de lo que estaba hace unos a\u00f1os, gracias a los cuidados cl\u00ednicos y la gesti\u00f3n de las vacunas y los tratamientos\u00bb, valor\u00f3 este mi\u00e9rcoles el experto et\u00edope.<\/p>\n<p>\u00abDurante la mayor parte de 2022 la Covid fue en descenso, la vacunaci\u00f3n aument\u00f3 y se consiguieron progresos sostenidos en el acceso a las vacunas por parte de pa\u00edses de ingresos bajos y medios que hab\u00edan sido olvidados en 2021 debido al \u2018nacionalismo de vacunas\u00bb, a\u00f1adi\u00f3.<\/p>\n<p>Tedros record\u00f3 que la semana pasada la OMS aprob\u00f3 por primera vez dos medicamentos gen\u00e9ricos contra el Covid (nirmatrelvir y ritonavir), producidos por una farmac\u00e9utica india, lo que aumentar\u00e1 el acceso de pa\u00edses menos desarrollados a tratamientos.<\/p>\n<p>Con informaci\u00f3n de \u00a0EFE.<\/p>\n","protected":false},"excerpt":{"rendered":"<p>El director general de la Organizaci\u00f3n Mundial de la Salud (OMS), Tedros Adhanom Ghebreyesus, se mostr\u00f3 en la primera rueda de prensa de 2023 optimista sobre la evoluci\u00f3n de la pandemia del Covid-19 y asegur\u00f3 que \u00absi se trabaja adecuadamente, este ser\u00e1 el a\u00f1o en el que la emergencia p\u00fablica acabe oficialmente\u00bb. \u00abEntramos ahora en [&hellip;]<\/p>\n","protected":false},"author":19,"featured_media":234976,"comment_status":"closed","ping_status":"closed","sticky":false,"template":"","format":"standard","meta":{"footnotes":""},"categories":[8],"tags":[],"class_list":{"0":"post-234975","1":"post","2":"type-post","3":"status-publish","4":"format-standard","5":"has-post-thumbnail","7":"category-internacionales"},"_links":{"self":[{"href":"https:\/\/elluchador.info\/index.php?rest_route=\/wp\/v2\/posts\/234975","targetHints":{"allow":["GET"]}}],"collection":[{"href":"https:\/\/elluchador.info\/index.php?rest_route=\/wp\/v2\/posts"}],"about":[{"href":"https:\/\/elluchador.info\/index.php?rest_route=\/wp\/v2\/types\/post"}],"author":[{"embeddable":true,"href":"https:\/\/elluchador.info\/index.php?rest_route=\/wp\/v2\/users\/19"}],"replies":[{"embeddable":true,"href":"https:\/\/elluchador.info\/index.php?rest_route=%2Fwp%2Fv2%2Fcomments&post=234975"}],"version-history":[{"count":1,"href":"https:\/\/elluchador.info\/index.php?rest_route=\/wp\/v2\/posts\/234975\/revisions"}],"predecessor-version":[{"id":234977,"href":"https:\/\/elluchador.info\/index.php?rest_route=\/wp\/v2\/posts\/234975\/revisions\/234977"}],"wp:featuredmedia":[{"embeddable":true,"href":"https:\/\/elluchador.info\/index.php?rest_route=\/wp\/v2\/media\/234976"}],"wp:attachment":[{"href":"https:\/\/elluchador.info\/index.php?rest_route=%2Fwp%2Fv2%2Fmedia&parent=234975"}],"wp:term":[{"taxonomy":"category","embeddable":true,"href":"https:\/\/elluchador.info\/index.php?rest_route=%2Fwp%2Fv2%2Fcategories&post=234975"},{"taxonomy":"post_tag","embeddable":true,"href":"https:\/\/elluchador.info\/index.php?rest_route=%2Fwp%2Fv2%2Ftags&post=234975"}],"curies":[{"name":"wp","href":"https:\/\/api.w.org\/{rel}","templated":true}]}}