{"id":234993,"date":"2023-01-04T16:10:50","date_gmt":"2023-01-04T20:10:50","guid":{"rendered":"https:\/\/elluchador.info\/web\/?p=234993"},"modified":"2023-01-04T16:10:50","modified_gmt":"2023-01-04T20:10:50","slug":"an-venezolana-instalara-nuevo-periodo-de-sesiones-este-jueves-asi-sera","status":"publish","type":"post","link":"https:\/\/elluchador.info\/?p=234993","title":{"rendered":"AN venezolana instalar\u00e1 nuevo periodo de sesiones este jueves: As\u00ed ser\u00e1"},"content":{"rendered":"<div class=\"entry-content\">\n<p>La Asamblea Nacional (AN) de Venezuela\u00a0iniciar\u00e1 este jueves el periodo de sesiones ordinarias de 2023\u00a0a las 11:00 de la ma\u00f1ana.<\/p>\n<p>El presidente del Poder Legislativo, el diputado chavista Jorge Rodr\u00edguez,\u00a0convoc\u00f3 a los 277 para la sesi\u00f3n de instalaci\u00f3n que establece la Constituci\u00f3n en su art\u00edculo 219\u00a0que indica el 5 de enero de cada a\u00f1o para iniciar el periodo anual del Parlamento. Mientras que el Reglamento Interior y de Debates (Ridan) explica el procedimiento para tal fin en los art\u00edculos 1 y 2.<\/p>\n<p>Se entiende que previo a la sesi\u00f3n de instalaci\u00f3n, la directiva en funciones y otros parlamentarios\u00a0permanecer\u00e1n en la Casa Amarilla a la espera de la orden de los funcionarios de protocolo de la AN\u00a0para desplazarse hacia la Plaza Bol\u00edvar, en donde rendir\u00e1n honores a El Libertador Sim\u00f3n Bol\u00edvar, para luego trasladarse al Palacio Federal Legislativo con el fin de iniciar el proceso de instalaci\u00f3n de la sesi\u00f3n y la escogencia de la nueva directiva.<\/p>\n<p>Rodr\u00edguez fungir\u00e1 como director de debate de esta sesi\u00f3n de instalaci\u00f3n debido a que cumpli\u00f3 el segundo a\u00f1o como presidente del Legislativo. Ocupar\u00e1, por tanto, la curul correspondiente en la tribuna de la Junta Directiva y\u00a0desde all\u00ed dirigir\u00e1 la sesi\u00f3n provisionalmente.<\/p>\n<p>De acuerdo al art\u00edculo 3 del Ridan,\u00a0se anunciar\u00e1 a la diputada o el diputado de m\u00e1s edad como el responsable de dirigir la Comisi\u00f3n de Instalaci\u00f3n\u00a0que tendr\u00e1 a dos asamble\u00edstas, quienes cumplir\u00e1n la funci\u00f3n de secretaria o secretario y subsecretaria o subsecretario accidentales para hacer los procedimientos protocolares establecidos en la ley.<\/p>\n<h3 id=\"juramentacion-de-la-directiva\">Juramentaci\u00f3n de la Directiva<\/h3>\n<p>El director de debate debe\u00a0elegir cincos diputados para revisar las credenciales de todos los parlamentarios presentes en la sesi\u00f3n\u00a0y as\u00ed comenzar la lectura de la plancha de los postulados a los cargos para despu\u00e9s proceder a votar en Plenaria por quienes integrar\u00e1n la nueva Junta Directiva de la AN, tal como lo se\u00f1ala el art\u00edculo 8 del Ridan.<\/p>\n<p>Al ser elegido en su seno los integrantes de la Directiva, a la presidenta o el presidente, a la primera vicepresidenta o primer vicepresidente y segunda vicepresidenta o segundo vicepresidente, secretaria o secretario y a la subsecretaria o subsecretario por el per\u00edodo de un a\u00f1o, como lo se\u00f1ala el art\u00edculo 194 de la Constituci\u00f3n, ser\u00e1n juramentados por la comisi\u00f3n para luego ocupar su cargo.<\/p>\n<p>Seguidamente, el presidente o presidenta, sentado en su puesto de la tribuna\u00a0declarar\u00e1 instalada la AN y lo participar\u00e1 al Poder Ejecutivo, al Poder Judicial, al Poder Ciudadano y al Poder Electoral en los d\u00edas siguientes. Igualmente, la AN participar\u00e1 de su instalaci\u00f3n a los voceros y voceras del Poder Popular.<\/p>\n<p>Con la Junta Directiva instalada,\u00a0la AN comenzar\u00e1 formalmente un nuevo per\u00edodo anual para cumplir sus funciones\u00a0tal como lo expresa el 187 constitucional acerca de las atribuciones del Poder Legislativo.<\/p>\n<h3 id=\"mensaje-anual-de-maduro\">Mensaje anual de Maduro<\/h3>\n<p>De acuerdo al art\u00edculo 237 de la Constituci\u00f3n, el presidente de Venezuela\u00a0presentar\u00e1 cada a\u00f1o personalmente ante la AN un mensaje\u00a0en que dar\u00e1 cuenta de los aspectos pol\u00edticos, econ\u00f3micos, sociales y administrativos de su gesti\u00f3n durante el a\u00f1o inmediatamente anterior.<\/p>\n<p>En tal sentido,\u00a0la visita del mandatario Nicol\u00e1s Maduro a la AN se producir\u00e1 el 15 de enero, o d\u00edas antes o despu\u00e9s.<\/p>\n<p>En ese momento el mandatario nacional deber\u00e1 entregar por escrito a la Junta Directiva de la AN su Memoria y Cuenta del a\u00f1o 2022 para dejar constancia de su participaci\u00f3n en el acto ante el Poder Legislativo.<\/p>\n<\/div>\n<div class=\"cs-entry__after-share-buttons\">\n<div class=\"pk-share-buttons-wrap pk-share-buttons-layout-equal pk-share-buttons-scheme-bold-bg pk-share-buttons-after-post pk-share-buttons-mode-php pk-share-buttons-mode-rest\" data-post-id=\"41975\" data-share-url=\"https:\/\/sumarium.info\/2023\/01\/04\/an-venezolana-instalara-nuevo-periodo-de-sesiones-este-jueves-asi-sera\/\">\n<div class=\"pk-share-buttons-items\">\n<div class=\"pk-share-buttons-item pk-share-buttons-facebook pk-share-buttons-no-count\" data-id=\"facebook\"><\/div>\n<div class=\"pk-share-buttons-item pk-share-buttons-twitter pk-share-buttons-no-count\" data-id=\"twitter\"><\/div>\n<\/div>\n<\/div>\n<\/div>\n","protected":false},"excerpt":{"rendered":"<p>La Asamblea Nacional (AN) de Venezuela\u00a0iniciar\u00e1 este jueves el periodo de sesiones ordinarias de 2023\u00a0a las 11:00 de la ma\u00f1ana. El presidente del Poder Legislativo, el diputado chavista Jorge Rodr\u00edguez,\u00a0convoc\u00f3 a los 277 para la sesi\u00f3n de instalaci\u00f3n que establece la Constituci\u00f3n en su art\u00edculo 219\u00a0que indica el 5 de enero de cada a\u00f1o para [&hellip;]<\/p>\n","protected":false},"author":19,"featured_media":234994,"comment_status":"closed","ping_status":"closed","sticky":false,"template":"","format":"standard","meta":{"footnotes":""},"categories":[9],"tags":[],"class_list":{"0":"post-234993","1":"post","2":"type-post","3":"status-publish","4":"format-standard","5":"has-post-thumbnail","7":"category-nacionales"},"_links":{"self":[{"href":"https:\/\/elluchador.info\/index.php?rest_route=\/wp\/v2\/posts\/234993","targetHints":{"allow":["GET"]}}],"collection":[{"href":"https:\/\/elluchador.info\/index.php?rest_route=\/wp\/v2\/posts"}],"about":[{"href":"https:\/\/elluchador.info\/index.php?rest_route=\/wp\/v2\/types\/post"}],"author":[{"embeddable":true,"href":"https:\/\/elluchador.info\/index.php?rest_route=\/wp\/v2\/users\/19"}],"replies":[{"embeddable":true,"href":"https:\/\/elluchador.info\/index.php?rest_route=%2Fwp%2Fv2%2Fcomments&post=234993"}],"version-history":[{"count":1,"href":"https:\/\/elluchador.info\/index.php?rest_route=\/wp\/v2\/posts\/234993\/revisions"}],"predecessor-version":[{"id":234995,"href":"https:\/\/elluchador.info\/index.php?rest_route=\/wp\/v2\/posts\/234993\/revisions\/234995"}],"wp:featuredmedia":[{"embeddable":true,"href":"https:\/\/elluchador.info\/index.php?rest_route=\/wp\/v2\/media\/234994"}],"wp:attachment":[{"href":"https:\/\/elluchador.info\/index.php?rest_route=%2Fwp%2Fv2%2Fmedia&parent=234993"}],"wp:term":[{"taxonomy":"category","embeddable":true,"href":"https:\/\/elluchador.info\/index.php?rest_route=%2Fwp%2Fv2%2Fcategories&post=234993"},{"taxonomy":"post_tag","embeddable":true,"href":"https:\/\/elluchador.info\/index.php?rest_route=%2Fwp%2Fv2%2Ftags&post=234993"}],"curies":[{"name":"wp","href":"https:\/\/api.w.org\/{rel}","templated":true}]}}