{"id":234996,"date":"2023-01-04T16:15:45","date_gmt":"2023-01-04T20:15:45","guid":{"rendered":"https:\/\/elluchador.info\/web\/?p=234996"},"modified":"2023-01-04T16:15:45","modified_gmt":"2023-01-04T20:15:45","slug":"venezuela-respalda-a-bolivia-ante-protestas","status":"publish","type":"post","link":"https:\/\/elluchador.info\/?p=234996","title":{"rendered":"Venezuela respalda a Bolivia ante protestas"},"content":{"rendered":"<p>El Gobierno de Venezuela manifest\u00f3 este mi\u00e9rcoles su\u00a0respaldo al Ejecutivo boliviano, presidido por Luis Arce, ante las protestas desatadas los \u00faltimos d\u00edas\u00a0en el pa\u00eds andino, las cuales calific\u00f3 como una \u201cembestida imperialista\u201d.<\/p>\n<p>A juicio de la llamada revoluci\u00f3n bolivariana,\u00a0las manifestaciones antigubernamentales en Bolivia son \u201cacciones violentas\u201d y \u201cdisturbios\u201d propiciados por \u201cun peque\u00f1o grupo de las filas opositoras\u00a0al Gobierno de Luis Arce\u201d.<\/p>\n<p>Santa Cruz, la mayor regi\u00f3n y motor econ\u00f3mico de Bolivia, lleva una semana de protestas en rechazo al encarcelamiento de su gobernador, el opositor\u00a0Luis Fernando Camacho, con vigilias en entidades estatales y bloqueos de carreteras.<\/p>\n<p>Las protestas han derivado en enfrentamientos entre quienes piden la libertad de Camacho y la Polic\u00eda, en los que ha habido destrozos a varias instituciones p\u00fablicas con decenas de arrestados por esos sucesos.<\/p>\n<figure class=\"wp-block-embed is-type-rich is-provider-twitter wp-block-embed-twitter\">\n<div class=\"wp-block-embed__wrapper\">\n<div class=\"twitter-tweet twitter-tweet-rendered\"><iframe id=\"twitter-widget-0\" class=\"\" title=\"Twitter Tweet\" src=\"https:\/\/platform.twitter.com\/embed\/Tweet.html?creatorScreenName=sumariumcom&amp;dnt=true&amp;embedId=twitter-widget-0&amp;features=eyJ0ZndfdGltZWxpbmVfbGlzdCI6eyJidWNrZXQiOlsibGlua3RyLmVlIiwidHIuZWUiLCJ0ZXJyYS5jb20uYnIiLCJ3d3cubGlua3RyLmVlIiwid3d3LnRyLmVlIiwid3d3LnRlcnJhLmNvbS5iciJdLCJ2ZXJzaW9uIjpudWxsfSwidGZ3X2hvcml6b25fdGltZWxpbmVfMTIwMzQiOnsiYnVja2V0IjoidHJlYXRtZW50IiwidmVyc2lvbiI6bnVsbH0sInRmd190d2VldF9lZGl0X2JhY2tlbmQiOnsiYnVja2V0Ijoib24iLCJ2ZXJzaW9uIjpudWxsfSwidGZ3X3JlZnNyY19zZXNzaW9uIjp7ImJ1Y2tldCI6Im9uIiwidmVyc2lvbiI6bnVsbH0sInRmd19zaG93X2J1c2luZXNzX3ZlcmlmaWVkX2JhZGdlIjp7ImJ1Y2tldCI6Im9uIiwidmVyc2lvbiI6bnVsbH0sInRmd19jaGluX3BpbGxzXzE0NzQxIjp7ImJ1Y2tldCI6ImNvbG9yX2ljb25zIiwidmVyc2lvbiI6bnVsbH0sInRmd190d2VldF9yZXN1bHRfbWlncmF0aW9uXzEzOTc5Ijp7ImJ1Y2tldCI6InR3ZWV0X3Jlc3VsdCIsInZlcnNpb24iOm51bGx9LCJ0ZndfbWl4ZWRfbWVkaWFfMTU4OTciOnsiYnVja2V0IjoidHJlYXRtZW50IiwidmVyc2lvbiI6bnVsbH0sInRmd19zZW5zaXRpdmVfbWVkaWFfaW50ZXJzdGl0aWFsXzEzOTYzIjp7ImJ1Y2tldCI6ImludGVyc3RpdGlhbCIsInZlcnNpb24iOm51bGx9LCJ0ZndfZXhwZXJpbWVudHNfY29va2llX2V4cGlyYXRpb24iOnsiYnVja2V0IjoxMjA5NjAwLCJ2ZXJzaW9uIjpudWxsfSwidGZ3X2R1cGxpY2F0ZV9zY3JpYmVzX3RvX3NldHRpbmdzIjp7ImJ1Y2tldCI6Im9uIiwidmVyc2lvbiI6bnVsbH0sInRmd192aWRlb19obHNfZHluYW1pY19tYW5pZmVzdHNfMTUwODIiOnsiYnVja2V0IjoidHJ1ZV9iaXRyYXRlIiwidmVyc2lvbiI6bnVsbH0sInRmd19zaG93X2JsdWVfdmVyaWZpZWRfYmFkZ2UiOnsiYnVja2V0Ijoib24iLCJ2ZXJzaW9uIjpudWxsfSwidGZ3X3Nob3dfZ292X3ZlcmlmaWVkX2JhZGdlIjp7ImJ1Y2tldCI6Im9uIiwidmVyc2lvbiI6bnVsbH0sInRmd19zaG93X2J1c2luZXNzX2FmZmlsaWF0ZV9iYWRnZSI6eyJidWNrZXQiOiJvbiIsInZlcnNpb24iOm51bGx9LCJ0ZndfdHdlZXRfZWRpdF9mcm9udGVuZCI6eyJidWNrZXQiOiJvbiIsInZlcnNpb24iOm51bGx9fQ%3D%3D&amp;frame=false&amp;hideCard=false&amp;hideThread=false&amp;id=1610667447752826882&amp;lang=es&amp;origin=https%3A%2F%2Fsumarium.info%2F2023%2F01%2F04%2Fvenezuela-respalda-a-bolivia-ante-protestas-y-embestida-imperialista%2F&amp;sessionId=9696edab21eec09313d73ce70773c5c7f0b93be5&amp;siteScreenName=sumariumcom&amp;theme=light&amp;widgetsVersion=a3525f077c700%3A1667415560940&amp;width=550px\" frameborder=\"0\" scrolling=\"no\" allowfullscreen=\"allowfullscreen\" data-tweet-id=\"1610667447752826882\" data-mce-fragment=\"1\"><\/iframe><\/div>\n<\/div>\n<\/figure>\n<p>Al respecto, la Canciller\u00eda de Venezuela se solidariz\u00f3 con el pueblo boliviano y\u00a0asegur\u00f3 que estas \u201cacciones violentas\u201d son parte de una \u201cembestida imperialista\u201d\u00a0que busca afectar la paz y bienestar de ese pa\u00eds.<\/p>\n<p>El canciller venezolano, Carlos Far\u00eda, apunt\u00f3, en la misma red social, que\u00a0el Ejecutivo de Nicol\u00e1s Maduro est\u00e1 satisfecho con \u201cla actuaci\u00f3n conforme a la ley\u201d de las autoridades bolivianas\u00a0\u201ccontra el golpismo\u201d.<\/p>\n<p>Camacho se\u00a0encuentra desde hace una semana en detenci\u00f3n preventiva en el penal de m\u00e1xima seguridad de Chonchocoro, a 35 kil\u00f3metros de La Paz y este martes desafi\u00f3 en una carta al presidente boliviano a que \u201cdefienda a su Gobierno autoritario, en contra del proyecto democr\u00e1tico de las regiones\u201d.<\/p>\n<p>El gobernador de Santa Cruz es procesado en el caso denominado \u201cgolpe de Estado I\u201d relacionado con la crisis pol\u00edtica de 2019.<\/p>\n<p>Sumarium<\/p>\n","protected":false},"excerpt":{"rendered":"<p>El Gobierno de Venezuela manifest\u00f3 este mi\u00e9rcoles su\u00a0respaldo al Ejecutivo boliviano, presidido por Luis Arce, ante las protestas desatadas los \u00faltimos d\u00edas\u00a0en el pa\u00eds andino, las cuales calific\u00f3 como una \u201cembestida imperialista\u201d. A juicio de la llamada revoluci\u00f3n bolivariana,\u00a0las manifestaciones antigubernamentales en Bolivia son \u201cacciones violentas\u201d y \u201cdisturbios\u201d propiciados por \u201cun peque\u00f1o grupo de las [&hellip;]<\/p>\n","protected":false},"author":19,"featured_media":234997,"comment_status":"closed","ping_status":"closed","sticky":false,"template":"","format":"standard","meta":{"footnotes":""},"categories":[9],"tags":[],"class_list":{"0":"post-234996","1":"post","2":"type-post","3":"status-publish","4":"format-standard","5":"has-post-thumbnail","7":"category-nacionales"},"_links":{"self":[{"href":"https:\/\/elluchador.info\/index.php?rest_route=\/wp\/v2\/posts\/234996","targetHints":{"allow":["GET"]}}],"collection":[{"href":"https:\/\/elluchador.info\/index.php?rest_route=\/wp\/v2\/posts"}],"about":[{"href":"https:\/\/elluchador.info\/index.php?rest_route=\/wp\/v2\/types\/post"}],"author":[{"embeddable":true,"href":"https:\/\/elluchador.info\/index.php?rest_route=\/wp\/v2\/users\/19"}],"replies":[{"embeddable":true,"href":"https:\/\/elluchador.info\/index.php?rest_route=%2Fwp%2Fv2%2Fcomments&post=234996"}],"version-history":[{"count":1,"href":"https:\/\/elluchador.info\/index.php?rest_route=\/wp\/v2\/posts\/234996\/revisions"}],"predecessor-version":[{"id":234998,"href":"https:\/\/elluchador.info\/index.php?rest_route=\/wp\/v2\/posts\/234996\/revisions\/234998"}],"wp:featuredmedia":[{"embeddable":true,"href":"https:\/\/elluchador.info\/index.php?rest_route=\/wp\/v2\/media\/234997"}],"wp:attachment":[{"href":"https:\/\/elluchador.info\/index.php?rest_route=%2Fwp%2Fv2%2Fmedia&parent=234996"}],"wp:term":[{"taxonomy":"category","embeddable":true,"href":"https:\/\/elluchador.info\/index.php?rest_route=%2Fwp%2Fv2%2Fcategories&post=234996"},{"taxonomy":"post_tag","embeddable":true,"href":"https:\/\/elluchador.info\/index.php?rest_route=%2Fwp%2Fv2%2Ftags&post=234996"}],"curies":[{"name":"wp","href":"https:\/\/api.w.org\/{rel}","templated":true}]}}