{"id":235027,"date":"2023-01-04T17:16:23","date_gmt":"2023-01-04T21:16:23","guid":{"rendered":"https:\/\/elluchador.info\/web\/?p=235027"},"modified":"2023-01-04T17:16:23","modified_gmt":"2023-01-04T21:16:23","slug":"el-cirque-du-soleil-desde-los-ojos-de-un-artista-venezolano","status":"publish","type":"post","link":"https:\/\/elluchador.info\/?p=235027","title":{"rendered":"El Cirque du Soleil desde los ojos de un artista venezolano"},"content":{"rendered":"<p>La estrella del Cirque du Soleil,\u00a0<strong>Edward Plater<\/strong>, cont\u00f3 su experiencia como el \u00fanico trombonista de la banda de este show internacional.<\/p>\n<blockquote class=\"wp-block-quote\"><p>\u201cCinco m\u00fasicos somos latinos, los otros dos son canadienses. Es un homenaje que hizo el Circo del Sol directamente a su M\u00e9xico y su cultura\u201d, afirm\u00f3.<\/p><\/blockquote>\n<p>Plater cont\u00f3 en entrevista para el programa\u00a0<strong><em>A Tiempo<\/em><\/strong>\u00a0de\u00a0<strong><em>Uni\u00f3n Radio\u00a0<\/em><\/strong>que lleg\u00f3 a este espect\u00e1culo internacional en el a\u00f1o 2019.<\/p>\n<blockquote class=\"wp-block-quote\"><p>\u201cYo trabajaba en unos cruceros y audicion\u00e9 estando all\u00ed. Se me env\u00eda un correo diciendo: \u2018Mira decidimos ir con otro artista, pero quedas en nuestra base de datos. Nos encant\u00f3 tu actitud, todo para desenvolverte estando en el escenario\u2019\u201d, relat\u00f3.<\/p><\/blockquote>\n<p>Sin embargo, su entrada al Cirque du Soleil coincidi\u00f3 con la llegada de la pandemia de covid-19, pero ya este a\u00f1o hicieron la gira por toda Europa que incluir\u00e1 a Inglaterra, Suiza, Austria y Alemania.<\/p>\n<p>Union Radio<\/p>\n","protected":false},"excerpt":{"rendered":"<p>La estrella del Cirque du Soleil,\u00a0Edward Plater, cont\u00f3 su experiencia como el \u00fanico trombonista de la banda de este show internacional. \u201cCinco m\u00fasicos somos latinos, los otros dos son canadienses. Es un homenaje que hizo el Circo del Sol directamente a su M\u00e9xico y su cultura\u201d, afirm\u00f3. Plater cont\u00f3 en entrevista para el programa\u00a0A Tiempo\u00a0de\u00a0Uni\u00f3n [&hellip;]<\/p>\n","protected":false},"author":19,"featured_media":235028,"comment_status":"closed","ping_status":"closed","sticky":false,"template":"","format":"standard","meta":{"footnotes":""},"categories":[7],"tags":[],"class_list":{"0":"post-235027","1":"post","2":"type-post","3":"status-publish","4":"format-standard","5":"has-post-thumbnail","7":"category-entretenimiento"},"_links":{"self":[{"href":"https:\/\/elluchador.info\/index.php?rest_route=\/wp\/v2\/posts\/235027","targetHints":{"allow":["GET"]}}],"collection":[{"href":"https:\/\/elluchador.info\/index.php?rest_route=\/wp\/v2\/posts"}],"about":[{"href":"https:\/\/elluchador.info\/index.php?rest_route=\/wp\/v2\/types\/post"}],"author":[{"embeddable":true,"href":"https:\/\/elluchador.info\/index.php?rest_route=\/wp\/v2\/users\/19"}],"replies":[{"embeddable":true,"href":"https:\/\/elluchador.info\/index.php?rest_route=%2Fwp%2Fv2%2Fcomments&post=235027"}],"version-history":[{"count":1,"href":"https:\/\/elluchador.info\/index.php?rest_route=\/wp\/v2\/posts\/235027\/revisions"}],"predecessor-version":[{"id":235029,"href":"https:\/\/elluchador.info\/index.php?rest_route=\/wp\/v2\/posts\/235027\/revisions\/235029"}],"wp:featuredmedia":[{"embeddable":true,"href":"https:\/\/elluchador.info\/index.php?rest_route=\/wp\/v2\/media\/235028"}],"wp:attachment":[{"href":"https:\/\/elluchador.info\/index.php?rest_route=%2Fwp%2Fv2%2Fmedia&parent=235027"}],"wp:term":[{"taxonomy":"category","embeddable":true,"href":"https:\/\/elluchador.info\/index.php?rest_route=%2Fwp%2Fv2%2Fcategories&post=235027"},{"taxonomy":"post_tag","embeddable":true,"href":"https:\/\/elluchador.info\/index.php?rest_route=%2Fwp%2Fv2%2Ftags&post=235027"}],"curies":[{"name":"wp","href":"https:\/\/api.w.org\/{rel}","templated":true}]}}