{"id":235045,"date":"2023-01-04T17:50:10","date_gmt":"2023-01-04T21:50:10","guid":{"rendered":"https:\/\/elluchador.info\/web\/?p=235045"},"modified":"2023-01-04T17:50:10","modified_gmt":"2023-01-04T21:50:10","slug":"sarcoma-de-ewing-el-cancer-que-no-ha-podido-superar-elena-huelva","status":"publish","type":"post","link":"https:\/\/elluchador.info\/?p=235045","title":{"rendered":"Sarcoma de Ewing, el c\u00e1ncer que no ha podido superar Elena Huelva"},"content":{"rendered":"<p>El\u00a0sarcoma de Ewing\u00a0es un tumor \u00f3seo maligno que se forma en el hueso o en el tejido suave. Afecta principalmente a los adolescentes y adultos j\u00f3venes, como en el caso de la\u00a0<i>influenc<\/i>er\u00a0Elena Huelva\u00a0y hace unos meses en el joven<em>\u00a0tiktoker<\/em>\u00a0Carlos Sarri\u00e1.<\/p>\n<p>Este tipo de tumor tiene predilecci\u00f3n por los huesos largos de las extremidades o por los de la pelvis, se\u00f1ala la\u00a0Sociedad Espa\u00f1ola de Oncolog\u00eda M\u00e9dica (SEOM).<\/p>\n<p>En algunos casos puede derivar en met\u00e1stasis, que suele presentarse en el pulm\u00f3n o en los huesos, como los de la columna.<\/p>\n<h2 class=\"wp-block-heading\">\u00bfCu\u00e1les son sus causas?<\/h2>\n<p>El sarcoma de Ewing es un c\u00e1ncer caracterizado gen\u00e9ticamente por la fusi\u00f3n de zonas de dos genes: EWSR1-FLI1. Se origina de c\u00e9lulas procedentes de una de las capas de desarrollo embrionario denominada mesod\u00e9rmica, tal y como explica la\u00a0Asociaci\u00f3n Espa\u00f1ola contra el C\u00e1ncer.<\/p>\n<p>Y aunque las causas exactas de este tipo de tumor no se conocen todav\u00eda, se han encontrado ciertas alteraciones gen\u00e9ticas que lo relacionan.<\/p>\n<h2 class=\"wp-block-heading\">Incidencia del sarcoma de Ewing<\/h2>\n<p>Pese a que de modo general los sarcomas \u00f3seos son poco frecuentes, el sarcoma de Ewing constituye el segundo tumor \u00f3seo m\u00e1s com\u00fan en ni\u00f1os y adolescentes.<\/p>\n<p>Seg\u00fan la Asociaci\u00f3n Espa\u00f1ola contra el C\u00e1ncer, se estima una incidencia anual de\u00a02.93 casos\u00a0por cada mill\u00f3n de habitantes.<\/p>\n<p>Respecto a la prevalencia, es m\u00e1s alta durante la veintena, con hasta\u00a09-10 casos\u00a0por cada mill\u00f3n de habitantes al a\u00f1o.<\/p>\n<p>La presencia de este c\u00e1ncer en menores de cinco a\u00f1os y en mayores de treinta es muy rara.<\/p>\n<h2 class=\"wp-block-heading\">Sintomatolog\u00eda<\/h2>\n<p>Aunque no cuenta con una gran cantidad de s\u00edntomas o incluso en algunos casos no se manifiestan, la\u00a0Sociedad Americana de Oncolog\u00eda Cl\u00ednica\u00a0menciona ciertos\u00a0signos\u00a0a los que es importante prestar atenci\u00f3n:<\/p>\n<ul>\n<li>Rigidez,\u00a0dolor,\u00a0hinchaz\u00f3n, o\u00a0sensibilidad en el hueso o en el tejido que rodea el hueso. Aproximadamente el\u00a085 %\u00a0de los ni\u00f1os y adultos j\u00f3venes con Sarcoma de Ewing tienen dolor intermitente y menos intenso durante la noche.<\/li>\n<li>Un\u00a0bulto cerca de la superficie de la piel\u00a0que puede sentirse caliente y suave al tacto.<\/li>\n<li>Fiebre que no disminuye.<\/li>\n<li>Un\u00a0hueso roto que se produce sin una lesi\u00f3n. Un tumor que crece en el hueso puede hacer que el hueso se debilite o se fracture.<\/li>\n<\/ul>\n<p>Ante alguno de estos s\u00edntomas es importante consultar con un especialista, ya que en el caso de que finalmente se trate de un tumor, un\u00a0diagn\u00f3stico precoz\u00a0permitir\u00e1 un abordaje con un pron\u00f3stico m\u00e1s favorable.<\/p>\n<div class=\"wp-block-image\">\n<figure class=\"aligncenter size-large is-resized\"><img loading=\"lazy\" decoding=\"async\" class=\"wp-image-298218 lazyautosizes lazyloaded\" style=\"box-sizing: border-box; height: auto; max-width: 100%; border-style: none; vertical-align: bottom; transition: all 0.3s ease-out 0s; display: inline-block; margin-bottom: 15px;\" src=\"https:\/\/efesalud.com\/wp-content\/uploads\/2023\/01\/elenahuelva-1024x683.jpg\" sizes=\"auto, 600px\" srcset=\"https:\/\/efesalud.com\/wp-content\/uploads\/2023\/01\/elenahuelva-1024x683.jpg 1024w, https:\/\/efesalud.com\/wp-content\/uploads\/2023\/01\/elenahuelva-300x200.jpg 300w, https:\/\/efesalud.com\/wp-content\/uploads\/2023\/01\/elenahuelva-768x512.jpg 768w, https:\/\/efesalud.com\/wp-content\/uploads\/2023\/01\/elenahuelva-1536x1024.jpg 1536w, https:\/\/efesalud.com\/wp-content\/uploads\/2023\/01\/elenahuelva-1200x800.jpg 1200w, https:\/\/efesalud.com\/wp-content\/uploads\/2023\/01\/elenahuelva.jpg 1920w\" alt=\"Sarcoma Ewing\" width=\"600\" height=\"400\" data-attachment-id=\"298218\" data-permalink=\"https:\/\/efesalud.com\/fallece-elena-huelva-simbolo-lucha-contra-cancer-redes-sociales\/fallece-elena-huelva-una-activa-voz-en-redes-por-su-lucha-contra-el-cancer\/\" data-orig-file=\"https:\/\/efesalud.com\/wp-content\/uploads\/2023\/01\/elenahuelva.jpg\" data-orig-size=\"1920,1280\" data-comments-opened=\"0\" data-image-meta=\"{&quot;aperture&quot;:&quot;0&quot;,&quot;credit&quot;:&quot;EFE&quot;,&quot;camera&quot;:&quot;&quot;,&quot;caption&quot;:&quot;MADRID, 03\\\/01\\\/2023.- Fotograf\\u00eda de archivo, de la joven Elena Huelva que ha fallecido este martes a los 20 a\\u00f1os tras una lucha de cuatro a\\u00f1os contra el c\\u00e1ncer, durante los que se ha convertido en una activa voz en las redes sociales. La Agencia EFE entrevist\\u00f3 a Elena Huelva en su podcast Tab\\u00fa Mental, donde la joven sevillana habl\\u00f3 sobre c\\u00f3mo le hab\\u00eda afectado el diagn\\u00f3stico y c\\u00f3mo sobrellevaba la situaci\\u00f3n en su d\\u00eda a d\\u00eda, el cual mostraba en sus redes sociales con normalidad. EFE\\\/Ra\\u00fal Caro&quot;,&quot;created_timestamp&quot;:&quot;1657626553&quot;,&quot;copyright&quot;:&quot;&quot;,&quot;focal_length&quot;:&quot;0&quot;,&quot;iso&quot;:&quot;0&quot;,&quot;shutter_speed&quot;:&quot;0&quot;,&quot;title&quot;:&quot;Fallece Elena Huelva, una activa voz en redes por su lucha contra el c\\u00e1ncer&quot;,&quot;orientation&quot;:&quot;1&quot;}\" data-image-title=\"elena huelva cancer Sarcoma Ewing\" data-image-description=\"&lt;p&gt;Elena Huelva&lt;\/p&gt;\n\" data-image-caption=\"&lt;p&gt;Fotograf\u00eda de archivo, de la joven Elena Huelva que ha fallecido este martes a los 20 a\u00f1os&lt;br \/&gt;\nEFE\/Ra\u00fal Caro&lt;\/p&gt;\n\" data-medium-file=\"https:\/\/efesalud.com\/wp-content\/uploads\/2023\/01\/elenahuelva-300x200.jpg\" data-large-file=\"https:\/\/efesalud.com\/wp-content\/uploads\/2023\/01\/elenahuelva-1024x683.jpg\" data-src=\"https:\/\/efesalud.com\/wp-content\/uploads\/2023\/01\/elenahuelva-1024x683.jpg\" data-srcset=\"https:\/\/efesalud.com\/wp-content\/uploads\/2023\/01\/elenahuelva-1024x683.jpg 1024w, https:\/\/efesalud.com\/wp-content\/uploads\/2023\/01\/elenahuelva-300x200.jpg 300w, https:\/\/efesalud.com\/wp-content\/uploads\/2023\/01\/elenahuelva-768x512.jpg 768w, https:\/\/efesalud.com\/wp-content\/uploads\/2023\/01\/elenahuelva-1536x1024.jpg 1536w, https:\/\/efesalud.com\/wp-content\/uploads\/2023\/01\/elenahuelva-1200x800.jpg 1200w, https:\/\/efesalud.com\/wp-content\/uploads\/2023\/01\/elenahuelva.jpg 1920w\" data-sizes=\"auto\" \/><\/figure>\n<\/div>\n<h2 class=\"wp-block-heading\">\u00bfC\u00f3mo se diagnostica el Sarcoma de Ewing?<\/h2>\n<p>De cara a diagnosticar este tipo de sarcoma, la\u00a0SEOM\u00a0apunta hacia la realizaci\u00f3n de diferentes\u00a0pruebas:<\/p>\n<ul>\n<li>Una\u00a0radiografia\u00a0simple de hueso que se completar\u00e1 con una tomograf\u00eda axial computerizada (TAC) y\/o Resonancia Magn\u00e9tica (RMN).<\/li>\n<li>Una\u00a0biopsia\u00a0de tejido tumoral, esencial para un buen resultado terap\u00e9utico.<\/li>\n<li>Un\u00a0estudio de extensi\u00f3n\u00a0para descartar met\u00e1stasis. Se utilizar\u00e1 un TAC de t\u00f3rax y abdomen para descartar la afectaci\u00f3n de otros huesos del esqueleto, o en algunos casos una PET-TC (Tomograf\u00eda por emisi\u00f3n de positrones) de cuerpo entero.<\/li>\n<\/ul>\n<h2 class=\"wp-block-heading\">\u00bfEn qu\u00e9 consiste el tratamiento?<\/h2>\n<p>El tratamiento del sarcoma de Ewing debe ser multidisciplinar, ya que requiere de varios recursos a la vez.<\/p>\n<p>Combinar\u00e1 la\u00a0quimioterapia neoadyuvante\u00a0(se administra para reducir el tama\u00f1o del tumor antes del tratamiento principal), la\u00a0cirug\u00eda\u00a0y en algunos casos, tambi\u00e9n la\u00a0radioterapia.<\/p>\n<h2 class=\"wp-block-heading\">Pron\u00f3stico y supervivencia<\/h2>\n<p>El\u00a0pron\u00f3stico\u00a0de la enfermedad depender\u00e1 de si hay presencia o no de met\u00e1stasis, ya que conlleva un peor pron\u00f3stico; de la localizaci\u00f3n y el tama\u00f1o del tumor; de la respuesta al tratamiento; y de la edad.<\/p>\n<p>A\u00fan habiendo superado la enfermedad, el seguimiento de estos pacientes debe ser prolongado, ya que la mayor\u00eda de las reca\u00eddas ocurren durante los primeros cinco a\u00f1os.<\/p>\n<p>Respecto a la\u00a0tasa de supervivencia, la\u00a0Asociaci\u00f3n Espa\u00f1ola contra el C\u00e1ncer\u00a0apunta que ha ido en aumento en los \u00faltimos a\u00f1os, gracias a los\u00a0tratamientos multimodales\u00a0(quimioterapia, cirug\u00eda y radioterapia). Se ha pasado de una supervivencia a los cinco a\u00f1os del\u00a044 %\u00a0al\u00a068 %\u00a0y a los diez a\u00f1os del\u00a039 %\u00a0al\u00a063 %.<\/p>\n<p>EfeSalud<\/p>\n","protected":false},"excerpt":{"rendered":"<p>El\u00a0sarcoma de Ewing\u00a0es un tumor \u00f3seo maligno que se forma en el hueso o en el tejido suave. Afecta principalmente a los adolescentes y adultos j\u00f3venes, como en el caso de la\u00a0influencer\u00a0Elena Huelva\u00a0y hace unos meses en el joven\u00a0tiktoker\u00a0Carlos Sarri\u00e1. Este tipo de tumor tiene predilecci\u00f3n por los huesos largos de las extremidades o por [&hellip;]<\/p>\n","protected":false},"author":19,"featured_media":235046,"comment_status":"closed","ping_status":"closed","sticky":false,"template":"","format":"standard","meta":{"footnotes":""},"categories":[19],"tags":[],"class_list":{"0":"post-235045","1":"post","2":"type-post","3":"status-publish","4":"format-standard","5":"has-post-thumbnail","7":"category-salud"},"_links":{"self":[{"href":"https:\/\/elluchador.info\/index.php?rest_route=\/wp\/v2\/posts\/235045","targetHints":{"allow":["GET"]}}],"collection":[{"href":"https:\/\/elluchador.info\/index.php?rest_route=\/wp\/v2\/posts"}],"about":[{"href":"https:\/\/elluchador.info\/index.php?rest_route=\/wp\/v2\/types\/post"}],"author":[{"embeddable":true,"href":"https:\/\/elluchador.info\/index.php?rest_route=\/wp\/v2\/users\/19"}],"replies":[{"embeddable":true,"href":"https:\/\/elluchador.info\/index.php?rest_route=%2Fwp%2Fv2%2Fcomments&post=235045"}],"version-history":[{"count":1,"href":"https:\/\/elluchador.info\/index.php?rest_route=\/wp\/v2\/posts\/235045\/revisions"}],"predecessor-version":[{"id":235047,"href":"https:\/\/elluchador.info\/index.php?rest_route=\/wp\/v2\/posts\/235045\/revisions\/235047"}],"wp:featuredmedia":[{"embeddable":true,"href":"https:\/\/elluchador.info\/index.php?rest_route=\/wp\/v2\/media\/235046"}],"wp:attachment":[{"href":"https:\/\/elluchador.info\/index.php?rest_route=%2Fwp%2Fv2%2Fmedia&parent=235045"}],"wp:term":[{"taxonomy":"category","embeddable":true,"href":"https:\/\/elluchador.info\/index.php?rest_route=%2Fwp%2Fv2%2Fcategories&post=235045"},{"taxonomy":"post_tag","embeddable":true,"href":"https:\/\/elluchador.info\/index.php?rest_route=%2Fwp%2Fv2%2Ftags&post=235045"}],"curies":[{"name":"wp","href":"https:\/\/api.w.org\/{rel}","templated":true}]}}