{"id":235048,"date":"2023-01-04T17:57:14","date_gmt":"2023-01-04T21:57:14","guid":{"rendered":"https:\/\/elluchador.info\/web\/?p=235048"},"modified":"2023-01-04T17:57:14","modified_gmt":"2023-01-04T21:57:14","slug":"el-modelo-sanitario-espanol-ni-caduco-ni-agotado","status":"publish","type":"post","link":"https:\/\/elluchador.info\/?p=235048","title":{"rendered":"El modelo sanitario espa\u00f1ol: ni caduco ni agotado"},"content":{"rendered":"<p><strong>Tom\u00e1s Cobo<\/strong>, presidente del\u00a0<strong>Consejo General de Colegios Oficiales de M\u00e9dicos<\/strong>\u00a0hace balance de 2022 y marca claramente un prop\u00f3sito para este a\u00f1o:\u00a0<em>defender el modelo sanitario<\/em>.<\/p>\n<p>El presidente de la CGCOM, en una entrevista con el\u00a0<em>medio online<\/em>\u00a0de la profesi\u00f3n m\u00e9dica \u201c<strong>M\u00e9dicos y pacientes<\/strong>\u201c, aborda los puntos que definen en la actualidad el\u00a0<strong>modelo sanitario<\/strong>, se\u00f1alando\u00a0<em>enmiendas, necesidades de cambio, d\u00e9ficits y retos<\/em>. Insiste: el problema no es el modelo, sino el sistema.<\/p>\n<h2 class=\"wp-block-heading\">Lo mejor y peor de 2022<\/h2>\n<p>Para conocer las carencias y las enmiendas pendientes para el presente a\u00f1o, el doctor Cobo reflexiona sobre 2022. Porque se puede contemplar como un a\u00f1o de logros, pero tambi\u00e9n de fracasos:<\/p>\n<p><strong>Positivo: reformas y novedades<\/strong><\/p>\n<p>Son muchos los cambios a mejor que ha tra\u00eddo 2022. Ejemplo de ello son los siguientes:<\/p>\n<ul>\n<li><strong>El anuncio de la creaci\u00f3n de la Agencia Estatal de Salud P\u00fablica<\/strong>: que cubre una necesidad evidenciada durante la covid y que blinda el sistema sanitario en la vigilancia, prevenci\u00f3n y actuaci\u00f3n ante situaciones como la pasada con la pandemia.<\/li>\n<li><strong>El Real Decreto de Especialidades<\/strong>: fortalece la formaci\u00f3n de los profesionales.<\/li>\n<li><strong>La reforma del Estatuto Marco del personal estatuario de los servicios de salud<\/strong>: con el que se consigue reducir la precariedad y temporalidad, que afecta a un 50 % de los m\u00e9dicos.<\/li>\n<\/ul>\n<p><strong>Negativo: situaci\u00f3n de los profesionales sanitarios<\/strong><\/p>\n<p>Sin embargo, no podemos eludir el hartazgo de los m\u00e9dicos por las quiebras que afectan a la profesi\u00f3n desde hace a\u00f1os, m\u00e1s que palpable en este \u00faltimo a\u00f1o, se\u00f1ala Tom\u00e1s Cobo.<\/p>\n<ul>\n<li><strong>Precariedad de los contratos<\/strong><\/li>\n<li><strong>Salarios inferiores a los del resto de pa\u00edses de Europa<\/strong><\/li>\n<li><strong>Agresiones que van en aumento<\/strong><\/li>\n<li><strong>Falta de tiempo estructural para dedicar a formaci\u00f3n continuada<\/strong><\/li>\n<li><strong>Sobrecarga laboral<\/strong><\/li>\n<\/ul>\n<h2 class=\"wp-block-heading\">Retos del 2023<\/h2>\n<p>Para paliar la situaci\u00f3n, Tom\u00e1s Cobo recoge las principales l\u00edneas en las que se aborda el problema actual de la Sanidad P\u00fablica.<\/p>\n<h3 class=\"wp-block-heading\">Defensa de nuestro modelo sanitario<\/h3>\n<p>De esta forma, uno de los principales retos del CGCOM es la defensa de este\u00a0<strong>modelo sanitario p\u00fablico, universal y gratuito.<\/strong>\u00a0Porque el problema no es el modelo, sino el sistema y su corrupci\u00f3n.<\/p>\n<blockquote class=\"wp-block-quote\"><p>\u201cNuestro modelo sanitario es un logro social, alineado con los derechos humanos, generador de justicia y equidad\u201d, se\u00f1ala Cobo.<\/p><\/blockquote>\n<p>Y es que, pese a esta obviedad, se sigue culpabilizando el propio modelo, como si de algo ut\u00f3pico se tratase, cuando se trata m\u00e1s bien del sistema.<\/p>\n<p>Un sistema no solo caduco, sino tambi\u00e9n necesitado, tanto de profundas reformas como de independencia con respecto a los quehaceres pol\u00edticos.<\/p>\n<h3 class=\"wp-block-heading\">Cambios hechos y por hacer<\/h3>\n<p>M\u00e1s all\u00e1 de todo esto, 2023 puede ser un a\u00f1o prometedor para el Sistema de Salud P\u00fablico.<\/p>\n<h4 class=\"wp-block-heading\">Logros<\/h4>\n<p>Y es que ya se vaticinaban grandes avances como\u2026<\/p>\n<ul>\n<li><strong>Renovaci\u00f3n del C\u00f3digo Deontol\u00f3gico<\/strong>: se prev\u00e9 que este a\u00f1o se publique el nuevo C\u00f3digo Deontol\u00f3gico profesional, que consiste en adaptar los principios que rigen el ejercicio de la profesi\u00f3n m\u00e9dica a nuevas situaciones y realidades sociales y profesionales.\n<ul>\n<li>Se tienen en cuenta nuevos aspectos como medicina no presencial, redes sociales, la inteligencia artificial aplicada a la medicina, entre otros.<\/li>\n<\/ul>\n<\/li>\n<li><strong>Acento en la formaci\u00f3n y el profesionalismo<\/strong>: En este sentido destaca el impulso en la formaci\u00f3n y la acreditaci\u00f3n con criterios y procedimientos armonizados en el contexto europeo a trav\u00e9s de la UEMS (Uni\u00f3n Europea de M\u00e9dicos Especialistas)<\/li>\n<\/ul>\n<p>&nbsp;<\/p>\n<h4 class=\"wp-block-heading\">Necesidad de cambio desde la pol\u00edtica<\/h4>\n<p>Claro que todav\u00eda tenemos asignaturas pendientes. Porque en una Espa\u00f1a divergente, con\u00a017 servicios auton\u00f3micos de salud\u00a0diferentes, se dan\u00a0<strong>incoherencias<\/strong>\u00a0absolutamente il\u00f3gicas:<\/p>\n<ul>\n<li><strong>Diferentes carteras de servicios<\/strong>.<\/li>\n<li><strong>Retribuciones desiguales entre profesionales<\/strong>\u00a0por desempe\u00f1ar un mismo trabajo y dentro del mismo Sistema Nacional de Salud.<\/li>\n<li><strong>Carreras de profesionales en estados de desarrollo distintos y no homologables\u00a0<\/strong>entre comunidades aut\u00f3nomas.<\/li>\n<\/ul>\n<h2 class=\"wp-block-heading\">La situaci\u00f3n de la Atenci\u00f3n Primaria<\/h2>\n<p>Una de los grandes temas de la actualidad es la situaci\u00f3n de la Atenci\u00f3n Primaria, una gran preocupaci\u00f3n de los \u00faltimos a\u00f1os y el motivo de sonadas huelgas en 2022, se\u00f1ala Cobo.<\/p>\n<p>El presidente del Consejo General de Colegios Oficiales de M\u00e9dicos no olvida hacer hincapi\u00e9 en la necesidad de cambio.<\/p>\n<blockquote class=\"wp-block-quote\"><p>\u201cA d\u00eda de hoy es de extrema necesidad aplicar medidas urgentes e inmediatas para revertir la situaci\u00f3n\u201d, asegura el experto.<\/p><\/blockquote>\n<p>La\u00a0<strong>Atenci\u00f3n Primaria<\/strong>\u00a0necesita, en palabras de Tom\u00e1s Cobo:<\/p>\n<ul>\n<li><strong>Financiaci\u00f3n\u00a0<\/strong>adecuada<\/li>\n<li>M\u00e9dicos suficientes para\u00a0<strong>cubrir la demanda<\/strong><\/li>\n<li><strong>Tiempo\u00a0<\/strong>por paciente<\/li>\n<li>Menos\u00a0<strong>carga burocr\u00e1tica<\/strong><\/li>\n<\/ul>\n<h2 class=\"wp-block-heading\">\u00bfNos quedamos sin profesionales?<\/h2>\n<p>Por otra parte, tampoco descuidemos uno de los factores condicionantes del Sistema Nacional de Salud: el importante problema de\u00a0<strong>demograf\u00eda m\u00e9dica<\/strong>, que desde hace a\u00f1os ha sido motivo de preocupaci\u00f3n para la profesi\u00f3n y que se ha ido evidenciando con el paso del tiempo, afirma el presidente de los m\u00e9dicos.<\/p>\n<blockquote class=\"wp-block-quote\"><p>\u201cTenemos un progresivo goteo de m\u00e9dicos que emigran a otros sistemas sanitarios en el extranjero que ofrecen m\u00e1s garant\u00edas y estabilidad\u201d, indica el doctor Cobo.<\/p><\/blockquote>\n<p>El presidente de la\u00a0CGCOM\u00a0apunta el desequilibrio entre el\u00a0<em>valor social<\/em>\u00a0de la profesi\u00f3n y la\u00a0<em>retribuci\u00f3n\u00a0<\/em>percibida como la principal raz\u00f3n por la que se da este panorama.<\/p>\n<h3 class=\"wp-block-heading\">Una oportunidad de cambiar las tornas<\/h3>\n<blockquote class=\"wp-block-quote\"><p>\u201cLos profesionales hemos sostenido la Sanidad durante estos \u00faltimos a\u00f1os, mitigando sus carencias, pero la situaci\u00f3n se ha tornado insostenible\u201d, se\u00f1ala Tom\u00e1s Cobo.<\/p><\/blockquote>\n<p>Esperemos que el 2023 sea la ansiada oportunidad de llevar acabo los cambios que supondr\u00e1n la diferencia. concluye.<\/p>\n<p>EFESALUD<\/p>\n","protected":false},"excerpt":{"rendered":"<p>Tom\u00e1s Cobo, presidente del\u00a0Consejo General de Colegios Oficiales de M\u00e9dicos\u00a0hace balance de 2022 y marca claramente un prop\u00f3sito para este a\u00f1o:\u00a0defender el modelo sanitario. El presidente de la CGCOM, en una entrevista con el\u00a0medio online\u00a0de la profesi\u00f3n m\u00e9dica \u201cM\u00e9dicos y pacientes\u201c, aborda los puntos que definen en la actualidad el\u00a0modelo sanitario, se\u00f1alando\u00a0enmiendas, necesidades de cambio, [&hellip;]<\/p>\n","protected":false},"author":19,"featured_media":235049,"comment_status":"closed","ping_status":"closed","sticky":false,"template":"","format":"standard","meta":{"footnotes":""},"categories":[19],"tags":[],"class_list":{"0":"post-235048","1":"post","2":"type-post","3":"status-publish","4":"format-standard","5":"has-post-thumbnail","7":"category-salud"},"_links":{"self":[{"href":"https:\/\/elluchador.info\/index.php?rest_route=\/wp\/v2\/posts\/235048","targetHints":{"allow":["GET"]}}],"collection":[{"href":"https:\/\/elluchador.info\/index.php?rest_route=\/wp\/v2\/posts"}],"about":[{"href":"https:\/\/elluchador.info\/index.php?rest_route=\/wp\/v2\/types\/post"}],"author":[{"embeddable":true,"href":"https:\/\/elluchador.info\/index.php?rest_route=\/wp\/v2\/users\/19"}],"replies":[{"embeddable":true,"href":"https:\/\/elluchador.info\/index.php?rest_route=%2Fwp%2Fv2%2Fcomments&post=235048"}],"version-history":[{"count":1,"href":"https:\/\/elluchador.info\/index.php?rest_route=\/wp\/v2\/posts\/235048\/revisions"}],"predecessor-version":[{"id":235050,"href":"https:\/\/elluchador.info\/index.php?rest_route=\/wp\/v2\/posts\/235048\/revisions\/235050"}],"wp:featuredmedia":[{"embeddable":true,"href":"https:\/\/elluchador.info\/index.php?rest_route=\/wp\/v2\/media\/235049"}],"wp:attachment":[{"href":"https:\/\/elluchador.info\/index.php?rest_route=%2Fwp%2Fv2%2Fmedia&parent=235048"}],"wp:term":[{"taxonomy":"category","embeddable":true,"href":"https:\/\/elluchador.info\/index.php?rest_route=%2Fwp%2Fv2%2Fcategories&post=235048"},{"taxonomy":"post_tag","embeddable":true,"href":"https:\/\/elluchador.info\/index.php?rest_route=%2Fwp%2Fv2%2Ftags&post=235048"}],"curies":[{"name":"wp","href":"https:\/\/api.w.org\/{rel}","templated":true}]}}