{"id":235100,"date":"2023-01-05T10:50:53","date_gmt":"2023-01-05T14:50:53","guid":{"rendered":"https:\/\/elluchador.info\/web\/?p=235100"},"modified":"2023-01-05T10:50:53","modified_gmt":"2023-01-05T14:50:53","slug":"papa-francisco-preside-funeral-de-benedicto-xvi-en-el-vaticano","status":"publish","type":"post","link":"https:\/\/elluchador.info\/?p=235100","title":{"rendered":"Papa Francisco preside funeral de Benedicto XVI en el Vaticano"},"content":{"rendered":"<p>Ante unos cien mil fieles reunidos en la plaza San Pedro, el Papa Francisco preside este jueves el funeral de Benedicto XVI, con la presencia de delegaciones de Alemania e Italia y decenas de personalidades mundiales, que acuden a despedir al pont\u00edfice em\u00e9rito.<\/p>\n<p>La ceremonia comenz\u00f3 a las 09:30 (hora local) y, seg\u00fan indic\u00f3 la oficina de prensa de la Santa Sede, se desarrolla de una manera sencilla, solemne pero sobria, report\u00f3 Prensa Latina.<\/p>\n<p>As\u00ed lo solicit\u00f3 Benedicto, quien falleci\u00f3 a los 95 a\u00f1os el 31 de diciembre en su residencia del monasterio Mater Ecclesiae, ubicado en los jardines vaticanos.<\/p>\n<p>Para cubrir el evento, se encuentran acreditados unos mil 100 periodistas que desde el 2 de enero reportan al mundo el tributo que cada d\u00eda m\u00e1s de 65 mil personas rindieron al papa em\u00e9rito, hasta sumar en los \u00faltimos tres d\u00edas m\u00e1s de 200 mil asistentes.<\/p>\n<p>In\u00e9dito evento<\/p>\n<p>El evento re\u00fane particularidades diferentes a los efectuados hasta ahora, pues nunca antes un Sumo Pont\u00edfice hab\u00eda presidido el funeral de su inmediato predecesor.<\/p>\n<p>Tambi\u00e9n es la primera vez en que la muerte de un papa no marca el inicio de la Sede Vacante, per\u00edodo que va desde el final de un pontificado hasta el comienzo del siguiente.<\/p>\n<p>Al funeral solo fueron invitadas delegaciones oficiales de Alemania e Italia, la primera integrada por el presidente de ese pa\u00eds, Frank Walter Steinmeier, el canciller federal Olaf Scholz y Markus Soder, gobernador de Baviera, tierra natal del pont\u00edfice em\u00e9rito.<\/p>\n<p>En tanto, la comitiva italiana est\u00e1 conformada por el presidente Sergio Mattarela, la primera ministra Giorgia Meloni y otros altos funcionarios del gobierno.<\/p>\n<p>Tambi\u00e9n se encuentran, en representaci\u00f3n de sus respectivos pa\u00edses, todos los embajadores ante la Santa Sede.<\/p>\n<p>Asisten adem\u00e1s, de manera privada, otras personalidades mundiales, entre ellas, los presidentes de Polonia y Hungr\u00eda, Andrzej Duda y Katalin Nov\u00e0k, respectivamente, as\u00ed como la reina Sof\u00eda, de Espa\u00f1a, y el monarca Felipe, de B\u00e9lgica.<\/p>\n<p>Inhumaci\u00f3n de Benedicto XVI<\/p>\n<p>Joseph Ratzinger, el nombre civil del papa em\u00e9rito, ser\u00e1 inhumado en la tumba de las grutas vaticanas que previamente ocup\u00f3 el papa Juan Pablo II y de donde fue retirado tras su canonizaci\u00f3n, confirm\u00f3 la oficina de prensa del Vaticano a cargo de Matteo Bruni citada por Sputnik.<\/p>\n<p>Los restos del papa em\u00e9rito reposar\u00e1n en un triple f\u00e9retro como los de sus antecesores, primero en uno de cipr\u00e9s forrado con terciopelo carmes\u00ed, que ser\u00e1 introducido en otro de zinc sellado, que se ubicar\u00e1 a su vez dentro de un tercero, hecho de madera de olmo.<\/p>\n<p>En el interior del primero, junto al cuerpo de Ratzinger, se colocar\u00e1n las medallas y monedas acu\u00f1adas durante su pontificado, de 2005 a 2013, hasta su hist\u00f3rica renuncia, as\u00ed como un cilindro de metal, que contiene un breve texto con los actos m\u00e1s destacables del per\u00edodo de Benedicto XVI.<\/p>\n<p>Ser\u00e1 enterrado en una de las tumbas de las Grutas del Vaticano, debajo de la bas\u00edlica de San Pedro, donde yacen unos 90 pont\u00edfices.<\/p>\n<p>Ratzinger ocup\u00f3 la sede apost\u00f3lica desde abril de 2005 hasta febrero de 2013, cuando anunci\u00f3 su renuncia al cargo, alegando su edad avanzada.<\/p>\n<p>Con informaci\u00f3n de ultimasnoticias.com.ve<\/p>\n","protected":false},"excerpt":{"rendered":"<p>Ante unos cien mil fieles reunidos en la plaza San Pedro, el Papa Francisco preside este jueves el funeral de Benedicto XVI, con la presencia de delegaciones de Alemania e Italia y decenas de personalidades mundiales, que acuden a despedir al pont\u00edfice em\u00e9rito. La ceremonia comenz\u00f3 a las 09:30 (hora local) y, seg\u00fan indic\u00f3 la [&hellip;]<\/p>\n","protected":false},"author":19,"featured_media":235102,"comment_status":"closed","ping_status":"closed","sticky":false,"template":"","format":"standard","meta":{"footnotes":""},"categories":[8],"tags":[],"class_list":{"0":"post-235100","1":"post","2":"type-post","3":"status-publish","4":"format-standard","5":"has-post-thumbnail","7":"category-internacionales"},"_links":{"self":[{"href":"https:\/\/elluchador.info\/index.php?rest_route=\/wp\/v2\/posts\/235100","targetHints":{"allow":["GET"]}}],"collection":[{"href":"https:\/\/elluchador.info\/index.php?rest_route=\/wp\/v2\/posts"}],"about":[{"href":"https:\/\/elluchador.info\/index.php?rest_route=\/wp\/v2\/types\/post"}],"author":[{"embeddable":true,"href":"https:\/\/elluchador.info\/index.php?rest_route=\/wp\/v2\/users\/19"}],"replies":[{"embeddable":true,"href":"https:\/\/elluchador.info\/index.php?rest_route=%2Fwp%2Fv2%2Fcomments&post=235100"}],"version-history":[{"count":1,"href":"https:\/\/elluchador.info\/index.php?rest_route=\/wp\/v2\/posts\/235100\/revisions"}],"predecessor-version":[{"id":235103,"href":"https:\/\/elluchador.info\/index.php?rest_route=\/wp\/v2\/posts\/235100\/revisions\/235103"}],"wp:featuredmedia":[{"embeddable":true,"href":"https:\/\/elluchador.info\/index.php?rest_route=\/wp\/v2\/media\/235102"}],"wp:attachment":[{"href":"https:\/\/elluchador.info\/index.php?rest_route=%2Fwp%2Fv2%2Fmedia&parent=235100"}],"wp:term":[{"taxonomy":"category","embeddable":true,"href":"https:\/\/elluchador.info\/index.php?rest_route=%2Fwp%2Fv2%2Fcategories&post=235100"},{"taxonomy":"post_tag","embeddable":true,"href":"https:\/\/elluchador.info\/index.php?rest_route=%2Fwp%2Fv2%2Ftags&post=235100"}],"curies":[{"name":"wp","href":"https:\/\/api.w.org\/{rel}","templated":true}]}}