{"id":235101,"date":"2023-01-05T10:53:59","date_gmt":"2023-01-05T14:53:59","guid":{"rendered":"https:\/\/elluchador.info\/web\/?p=235101"},"modified":"2023-01-05T10:53:59","modified_gmt":"2023-01-05T14:53:59","slug":"medicos-del-mundo-2022-un-ano-de-lecciones-aprendidas-y-retos-para-el-derecho-a-la-salud","status":"publish","type":"post","link":"https:\/\/elluchador.info\/?p=235101","title":{"rendered":"M\u00e9dicos del Mundo: 2022, un a\u00f1o de lecciones aprendidas y retos para el Derecho a la salud"},"content":{"rendered":"<p>El a\u00f1o 2022, desde la perspectiva de la evoluci\u00f3n del derecho a la salud, ser\u00e1 valorado como el momento en el que, tras el estr\u00e9s al que han sido sometidos los<em>\u00a0<\/em>sistemas sanitarios por la pandemia del COVID-19, se han puesto en evidencia la precariedad y la fragilidad tanto de los avances alcanzados en determinados indicadores de salud en el plano internacional como de la capacidad real de respuesta m\u00e9dico-social de los Estados, tambi\u00e9n los del Norte, ante situaciones de alta exigencia.<\/p>\n<p>No significa que la pandemia haya generado un da\u00f1o estructural en los sistemas de salud, pero s\u00ed ha sido definitiva para poner al descubierto las costuras y las debilidades ya existentes.<\/p>\n<h2 class=\"wp-block-heading\">En Espa\u00f1a<\/h2>\n<p>En nuestro contexto, por ejemplo, la desvalorizaci\u00f3n del nivel primario de atenci\u00f3n a la salud ha sido progresiva durante las dos \u00faltimas d\u00e9cadas, hasta llegar a provocar un quebranto organizativo que, a estas alturas, podemos calificar como estructural, grave y cronificado.<\/p>\n<p>Y precisamente sobre este quebranto y desvalorizaci\u00f3n de la\u00a0Atenci\u00f3n Primaria\u00a0se asientan la mayor parte de las dificultades de accesibilidad y de eficacia del sistema sanitario en Espa\u00f1a.<\/p>\n<p>No entraremos a valorar las causas que, entre tanta confusi\u00f3n, cuesta identificar, ya que lo que m\u00e1s nos preocupan son las consecuencias y, en especial, el incremento insoportable de barreras para el acceso a servicios b\u00e1sicos para quienes no tenemos otra alternativa que los sistemas p\u00fablicos de salud.<\/p>\n<p>Con todo, lo peor es que quienes tienen obligaciones sobre lo que est\u00e1 ocurriendo persisten en comportamientos que, en unos casos, son de beligerancia expl\u00edcita contra el sistema p\u00fablico y, en otros, de falta de determinaci\u00f3n para \u201cquitarse la venda\u201d y afrontar los cambios estructurales que la situaci\u00f3n demanda.<\/p>\n<h2 class=\"wp-block-heading\">En los pa\u00edses del Sur<\/h2>\n<p>En los pa\u00edses del Sur la situaci\u00f3n es mucho m\u00e1s grave, porque a la mayor fragilidad de los sistemas de salud, se une la falta de financiaci\u00f3n para hacer frente a las crisis humanitarias que asolan a la poblaci\u00f3n de muchos lugares del planeta.<\/p>\n<blockquote class=\"wp-block-quote\"><p>La desigualdad Norte-Sur, la injusticia del empobrecimiento y la degradaci\u00f3n de los estados del Sur s\u00ed que dependen de las pol\u00edticas internacionales y de las estrategias de desarrollo, pero han de ser cre\u00edbles.<\/p><\/blockquote>\n<p>A ello hay que sumar las grav\u00edsimas consecuencias para la salud derivadas del cambio clim\u00e1tico, de su impacto en los movimientos forzosos de poblaci\u00f3n (migraciones por la supervivencia) y en la progresiva crisis alimentaria y nutricional que afecta a grandes regiones del mundo, especialmente grave en todo el Sahel.<\/p>\n<h2 class=\"wp-block-heading\">La guerra de Ucrania<\/h2>\n<p>Y no es que la guerra en Ucrania y sus consecuencias sean menores. Son demoledoras para la poblaci\u00f3n ucraniana y lo son tambi\u00e9n como agresi\u00f3n contra el Derecho Internacional Humanitario -que proh\u00edbe expresamente los ataques a personal e infraestructuras sanitarias- y la seguridad de los pueblos.<\/p>\n<blockquote class=\"wp-block-quote\"><p>Pero la situaci\u00f3n en Ucrania no justifica la falta de atenci\u00f3n y la reducci\u00f3n relativa del esfuerzo para satisfacer necesidades de salud -plasmadas en los compromisos de la Agenda 2030- en otras \u00e1reas geogr\u00e1ficas en las que se est\u00e1n viviendo situaciones incompatibles con la dignidad, con la salud y con la vida.<\/p><\/blockquote>\n<p>La hambruna en el Sahel, la situaci\u00f3n de la poblaci\u00f3n en el refugio saharaui o en los territorios ocupados de Palestina, la nueva epidemia de c\u00f3lera en Hait\u00ed o la cronificaci\u00f3n de la situaci\u00f3n en Siria, son ejemplos en los que el \u201cgap\u201d entre previsi\u00f3n y ejecuci\u00f3n de la ayuda demuestran una injustificable falta de equidad en el esfuerzo.<\/p>\n<h2 class=\"wp-block-heading\">2023 para M\u00e9dicos del Mundo<\/h2>\n<p>En consecuencia, las\u00a0buenas noticias en 2023\u00a0deber\u00edan de venir, por un lado, de la mano de la consigna de las \u201clecciones aprendidas\u201d a partir del impacto de la pandemia, de modo que pudi\u00e9ramos dar testimonio de avances significativos en el refuerzo de los sistemas p\u00fablicos de salud, en el Norte y en el Sur, como \u00fanica expectativa para que expresiones como universalidad, accesibilidad y equidad adquieran dimensi\u00f3n de realidad.<\/p>\n<blockquote class=\"wp-block-quote\"><p>Y, por otro lado, 2023 tendr\u00e1 que ser un tiempo para la resoluci\u00f3n de los conflictos de la mano del Derecho Internacional -a la par que se garantiza la seguridad de la poblaci\u00f3n civil-, as\u00ed como para que, a trav\u00e9s de la Ayuda Oficial al Desarrollo, se ofrezca una respuesta efectiva y, sobre todo, equitativa a las graves crisis humanas que amenazan la supervivencia de cientos de millones de personas en \u00e1reas muy concretas del planeta.<\/p><\/blockquote>\n<p>EFESALUD<\/p>\n","protected":false},"excerpt":{"rendered":"<p>El a\u00f1o 2022, desde la perspectiva de la evoluci\u00f3n del derecho a la salud, ser\u00e1 valorado como el momento en el que, tras el estr\u00e9s al que han sido sometidos los\u00a0sistemas sanitarios por la pandemia del COVID-19, se han puesto en evidencia la precariedad y la fragilidad tanto de los avances alcanzados en determinados indicadores [&hellip;]<\/p>\n","protected":false},"author":19,"featured_media":235105,"comment_status":"closed","ping_status":"closed","sticky":false,"template":"","format":"standard","meta":{"footnotes":""},"categories":[19],"tags":[],"class_list":{"0":"post-235101","1":"post","2":"type-post","3":"status-publish","4":"format-standard","5":"has-post-thumbnail","7":"category-salud"},"_links":{"self":[{"href":"https:\/\/elluchador.info\/index.php?rest_route=\/wp\/v2\/posts\/235101","targetHints":{"allow":["GET"]}}],"collection":[{"href":"https:\/\/elluchador.info\/index.php?rest_route=\/wp\/v2\/posts"}],"about":[{"href":"https:\/\/elluchador.info\/index.php?rest_route=\/wp\/v2\/types\/post"}],"author":[{"embeddable":true,"href":"https:\/\/elluchador.info\/index.php?rest_route=\/wp\/v2\/users\/19"}],"replies":[{"embeddable":true,"href":"https:\/\/elluchador.info\/index.php?rest_route=%2Fwp%2Fv2%2Fcomments&post=235101"}],"version-history":[{"count":1,"href":"https:\/\/elluchador.info\/index.php?rest_route=\/wp\/v2\/posts\/235101\/revisions"}],"predecessor-version":[{"id":235107,"href":"https:\/\/elluchador.info\/index.php?rest_route=\/wp\/v2\/posts\/235101\/revisions\/235107"}],"wp:featuredmedia":[{"embeddable":true,"href":"https:\/\/elluchador.info\/index.php?rest_route=\/wp\/v2\/media\/235105"}],"wp:attachment":[{"href":"https:\/\/elluchador.info\/index.php?rest_route=%2Fwp%2Fv2%2Fmedia&parent=235101"}],"wp:term":[{"taxonomy":"category","embeddable":true,"href":"https:\/\/elluchador.info\/index.php?rest_route=%2Fwp%2Fv2%2Fcategories&post=235101"},{"taxonomy":"post_tag","embeddable":true,"href":"https:\/\/elluchador.info\/index.php?rest_route=%2Fwp%2Fv2%2Ftags&post=235101"}],"curies":[{"name":"wp","href":"https:\/\/api.w.org\/{rel}","templated":true}]}}