{"id":235110,"date":"2023-01-05T10:57:49","date_gmt":"2023-01-05T14:57:49","guid":{"rendered":"https:\/\/elluchador.info\/web\/?p=235110"},"modified":"2023-01-05T10:57:49","modified_gmt":"2023-01-05T14:57:49","slug":"doce-consejos-para-cuidar-de-nuestra-vision-en-2023","status":"publish","type":"post","link":"https:\/\/elluchador.info\/?p=235110","title":{"rendered":"Doce consejos para cuidar de nuestra visi\u00f3n en 2023"},"content":{"rendered":"<p>No prestar la atenci\u00f3n suficiente a nuestra salud ocular es bastante com\u00fan. Sin embargo, la visi\u00f3n constituye un aspecto fundamental en nuestro organismo y en nuestra vida.<\/p>\n<p>De hecho, el\u00a085 %\u00a0de la informaci\u00f3n que recibe el cerebro proviene de la vista. As\u00ed lo se\u00f1ala el Grupo oftalmol\u00f3gico\u00a0Miranza, que apunta tambi\u00e9n hacia la falta de concienciaci\u00f3n tras los resultados obtenidos del\u00a0II Bar\u00f3metro de Bienestar Ocular, basado en una encuesta de mil personas.<\/p>\n<p>Para empezar 2023 con buen pie siempre viene bien proponerse nuevos objetivos, por lo que es un buen momento para empezar a dedicarle una mayor atenci\u00f3n y cuidado a nuestra visi\u00f3n, de cara a prevenir numerosas patolog\u00edas.<\/p>\n<div class=\"wp-block-image\">\n<figure class=\"aligncenter size-large is-resized\"><img loading=\"lazy\" decoding=\"async\" class=\"wp-image-298094 lazyautosizes lazyloaded\" style=\"box-sizing: border-box; height: auto; max-width: 100%; border-style: none; vertical-align: bottom; transition: all 0.3s ease-out 0s; display: inline-block; margin-bottom: 15px;\" src=\"https:\/\/efesalud.com\/wp-content\/uploads\/2023\/01\/Vision-prueba-ojo-seco-1024x683.jpg\" sizes=\"auto, 600px\" srcset=\"https:\/\/efesalud.com\/wp-content\/uploads\/2023\/01\/Vision-prueba-ojo-seco-1024x683.jpg 1024w, https:\/\/efesalud.com\/wp-content\/uploads\/2023\/01\/Vision-prueba-ojo-seco-300x200.jpg 300w, https:\/\/efesalud.com\/wp-content\/uploads\/2023\/01\/Vision-prueba-ojo-seco-768x512.jpg 768w, https:\/\/efesalud.com\/wp-content\/uploads\/2023\/01\/Vision-prueba-ojo-seco-1536x1024.jpg 1536w, https:\/\/efesalud.com\/wp-content\/uploads\/2023\/01\/Vision-prueba-ojo-seco-1200x800.jpg 1200w, https:\/\/efesalud.com\/wp-content\/uploads\/2023\/01\/Vision-prueba-ojo-seco.jpg 1920w\" alt=\"Visi\u00f3n prueba ojo seco\" width=\"600\" height=\"400\" data-attachment-id=\"298094\" data-permalink=\"https:\/\/efesalud.com\/vision-habitos-saludables\/vision-prueba-ojo-seco\/\" data-orig-file=\"https:\/\/efesalud.com\/wp-content\/uploads\/2023\/01\/Vision-prueba-ojo-seco.jpg\" data-orig-size=\"1920,1280\" data-comments-opened=\"0\" data-image-meta=\"{&quot;aperture&quot;:&quot;0&quot;,&quot;credit&quot;:&quot;&quot;,&quot;camera&quot;:&quot;&quot;,&quot;caption&quot;:&quot;&quot;,&quot;created_timestamp&quot;:&quot;0&quot;,&quot;copyright&quot;:&quot;&quot;,&quot;focal_length&quot;:&quot;0&quot;,&quot;iso&quot;:&quot;0&quot;,&quot;shutter_speed&quot;:&quot;0&quot;,&quot;title&quot;:&quot;&quot;,&quot;orientation&quot;:&quot;0&quot;}\" data-image-title=\"Visi\u00f3n-prueba-ojo-seco\" data-image-description=\"\" data-image-caption=\"&lt;p&gt;Imagen cedida por Miranza&lt;\/p&gt;\n\" data-medium-file=\"https:\/\/efesalud.com\/wp-content\/uploads\/2023\/01\/Vision-prueba-ojo-seco-300x200.jpg\" data-large-file=\"https:\/\/efesalud.com\/wp-content\/uploads\/2023\/01\/Vision-prueba-ojo-seco-1024x683.jpg\" data-src=\"https:\/\/efesalud.com\/wp-content\/uploads\/2023\/01\/Vision-prueba-ojo-seco-1024x683.jpg\" data-srcset=\"https:\/\/efesalud.com\/wp-content\/uploads\/2023\/01\/Vision-prueba-ojo-seco-1024x683.jpg 1024w, https:\/\/efesalud.com\/wp-content\/uploads\/2023\/01\/Vision-prueba-ojo-seco-300x200.jpg 300w, https:\/\/efesalud.com\/wp-content\/uploads\/2023\/01\/Vision-prueba-ojo-seco-768x512.jpg 768w, https:\/\/efesalud.com\/wp-content\/uploads\/2023\/01\/Vision-prueba-ojo-seco-1536x1024.jpg 1536w, https:\/\/efesalud.com\/wp-content\/uploads\/2023\/01\/Vision-prueba-ojo-seco-1200x800.jpg 1200w, https:\/\/efesalud.com\/wp-content\/uploads\/2023\/01\/Vision-prueba-ojo-seco.jpg 1920w\" data-sizes=\"auto\" \/><figcaption class=\"wp-element-caption\">Imagen cedida por Miranza<\/figcaption><\/figure>\n<\/div>\n<h2 class=\"wp-block-heading\">Prop\u00f3sitos para cuidar nuestra visi\u00f3n en 2023<\/h2>\n<p>Los expertos de\u00a0Miranza\u00a0recomiendan\u00a0doce consejos\u00a0para que podamos cuidar de nuestra vista en 2023 a partir de diferentes rutinas:<\/p>\n<ol>\n<li>Llevar un estilo de vida saludable, manteniendo un buen descanso y dejando de lado el trabajo y el alcohol.<\/li>\n<li>Cuidar la alimentaci\u00f3n, apostando por una dieta rica en alimentos con alto contenido en vitaminas A y C, que son favorables para la vista.<\/li>\n<li>Realizar ejercicio f\u00edsico\u00a0con el objetivo de prevenir enfermedades como la diabetes o la hipertensi\u00f3n, que pueden afectar a la vista.<\/li>\n<li>Usar una correcci\u00f3n \u00f3ptica adecuada, comprobando la graduaci\u00f3n cada a\u00f1o.<\/li>\n<li>En caso de utilizar\u00a0lentillas, realizar un mantenimiento e higiene correctos.<\/li>\n<li>Ante las pantallas, evitar su abuso y al usarlas, realizar un parpadeo consciente y lubricar la superficie para evitar el\u00a0<a href=\"https:\/\/efesalud.com\/ojo-seco-remedios-mujeres-infancia\/\" target=\"_blank\" rel=\"noreferrer noopener\" data-wpel-link=\"internal\">ojo seco<\/a>.<\/li>\n<li>Evitar una exposici\u00f3n prolongada al sol y utilizar unas gafas homologadas\u00a0incluso en los meses de invierno.<\/li>\n<li>Ante\u00a0s\u00edntomas\u00a0como una p\u00e9rdida de visi\u00f3n, destellos, visi\u00f3n borrosa, dolor ocular\u2026 consultar con un especialista.<\/li>\n<li>Utilizar\u00a0protecci\u00f3n ocular\u00a0en actividades que requieran una atenci\u00f3n especial, como en algunos deportes o en el caso del bricolaje.<\/li>\n<li>Tener en cuenta los\u00a0antecedentes familiares\u00a0de patolog\u00eda visual como el\u00a0<a href=\"https:\/\/efesalud.com\/glaucoma-enfermedad-prevenir-curar-ocular-vision\/\" target=\"_blank\" rel=\"noreferrer noopener\" data-wpel-link=\"internal\">glaucoma<\/a>, cataratas o distrofias corneales, que pueden tener un componente gen\u00e9tico.<\/li>\n<li>Mantener una\u00a0buena iluminaci\u00f3n\u00a0para no forzar los ojos y prevenir la fatiga visual.<\/li>\n<li>Acudir a los expertos\u00a0ante cualquier duda y mantener\u00a0revisiones\u00a0oculares anuales desde los tres a\u00f1os preferiblemente.<\/li>\n<\/ol>\n<p>EFESALUD<\/p>\n","protected":false},"excerpt":{"rendered":"<p>No prestar la atenci\u00f3n suficiente a nuestra salud ocular es bastante com\u00fan. Sin embargo, la visi\u00f3n constituye un aspecto fundamental en nuestro organismo y en nuestra vida. De hecho, el\u00a085 %\u00a0de la informaci\u00f3n que recibe el cerebro proviene de la vista. As\u00ed lo se\u00f1ala el Grupo oftalmol\u00f3gico\u00a0Miranza, que apunta tambi\u00e9n hacia la falta de concienciaci\u00f3n [&hellip;]<\/p>\n","protected":false},"author":19,"featured_media":235111,"comment_status":"closed","ping_status":"closed","sticky":false,"template":"","format":"standard","meta":{"footnotes":""},"categories":[19],"tags":[],"class_list":{"0":"post-235110","1":"post","2":"type-post","3":"status-publish","4":"format-standard","5":"has-post-thumbnail","7":"category-salud"},"_links":{"self":[{"href":"https:\/\/elluchador.info\/index.php?rest_route=\/wp\/v2\/posts\/235110","targetHints":{"allow":["GET"]}}],"collection":[{"href":"https:\/\/elluchador.info\/index.php?rest_route=\/wp\/v2\/posts"}],"about":[{"href":"https:\/\/elluchador.info\/index.php?rest_route=\/wp\/v2\/types\/post"}],"author":[{"embeddable":true,"href":"https:\/\/elluchador.info\/index.php?rest_route=\/wp\/v2\/users\/19"}],"replies":[{"embeddable":true,"href":"https:\/\/elluchador.info\/index.php?rest_route=%2Fwp%2Fv2%2Fcomments&post=235110"}],"version-history":[{"count":1,"href":"https:\/\/elluchador.info\/index.php?rest_route=\/wp\/v2\/posts\/235110\/revisions"}],"predecessor-version":[{"id":235112,"href":"https:\/\/elluchador.info\/index.php?rest_route=\/wp\/v2\/posts\/235110\/revisions\/235112"}],"wp:featuredmedia":[{"embeddable":true,"href":"https:\/\/elluchador.info\/index.php?rest_route=\/wp\/v2\/media\/235111"}],"wp:attachment":[{"href":"https:\/\/elluchador.info\/index.php?rest_route=%2Fwp%2Fv2%2Fmedia&parent=235110"}],"wp:term":[{"taxonomy":"category","embeddable":true,"href":"https:\/\/elluchador.info\/index.php?rest_route=%2Fwp%2Fv2%2Fcategories&post=235110"},{"taxonomy":"post_tag","embeddable":true,"href":"https:\/\/elluchador.info\/index.php?rest_route=%2Fwp%2Fv2%2Ftags&post=235110"}],"curies":[{"name":"wp","href":"https:\/\/api.w.org\/{rel}","templated":true}]}}