{"id":235131,"date":"2023-01-05T11:30:30","date_gmt":"2023-01-05T15:30:30","guid":{"rendered":"https:\/\/elluchador.info\/web\/?p=235131"},"modified":"2023-01-05T11:30:30","modified_gmt":"2023-01-05T15:30:30","slug":"bruselas-pide-transparencia-a-china-sobre-la-situacion-del-covid-en-el-pais","status":"publish","type":"post","link":"https:\/\/elluchador.info\/?p=235131","title":{"rendered":"Bruselas pide \u00abtransparencia\u00bb a China sobre la situaci\u00f3n del covid en el pa\u00eds"},"content":{"rendered":"<p>La Comisi\u00f3n Europea (CE) pidi\u00f3 este jueves a China \u00abtransparencia\u00bb sobre la situaci\u00f3n del covid-19 en su territorio y valor\u00f3 el acuerdo alcanzado entre los Estados miembros para coordinar su respuesta ante la explosi\u00f3n de casos en el pa\u00eds asi\u00e1tico.<\/p>\n<p>\u00abChina debe compartir datos de forma transparente sobre su situaci\u00f3n actual\u00bb, dijo la comisaria europea de Sanidad, Stella Kyriakides, a trav\u00e9s de su cuenta en Twitter.<\/p>\n<p>La comisaria salud\u00f3 adem\u00e1s el acuerdo logrado entre los Estados miembros el mi\u00e9rcoles en una reuni\u00f3n del grupo de Respuesta Pol\u00edtica Integrada a las Crisis (IPCR) para dar una \u00abrespuesta coordinada\u00bb a la situaci\u00f3n en China.<\/p>\n<p>\u00abSolo podemos abordar la pandemia si trabajamos juntos a nivel de la UE y mundial\u00bb, a\u00f1adi\u00f3 Kyriakides.<\/p>\n<p>El mi\u00e9rcoles, la Uni\u00f3n Europea avanz\u00f3 hacia la imposici\u00f3n de pruebas negativas de covid-19 a los viajeros de China que lleguen a territorio comunitario.<\/p>\n<p>\u00abSe recomienda encarecidamente a los Estados miembros que introduzcan, para todos los pasajeros procedentes de China (&#8230;) el requisito de una prueba de covid-19 negativa realizada no m\u00e1s de 48 horas antes de la salida\u00bb del pa\u00eds asi\u00e1tico, se\u00f1alaba un comunicado difundido tras una reuni\u00f3n del IPCR.<\/p>\n<p>En esa cita, en la que participaron adem\u00e1s de los pa\u00edses del bloque las instituciones comunitarias y otros expertos, la UE acord\u00f3 \u00abun enfoque de precauci\u00f3n coordinado\u00bb, a la luz la situaci\u00f3n del coronavirus en China y teniendo en cuenta \u00abla necesidad de datos suficientes y fiables y la relajaci\u00f3n de las restricciones de viaje por parte de Pek\u00edn a partir del pr\u00f3ximo 8 de enero\u00bb.<\/p>\n<p>Los Estados miembros acordaron asimismo recomendar a todos los pasajeros de los vuelos hacia y desde China el uso de mascarillas y se comprometieron a \u00abemitir recomendaciones a los viajeros internacionales entrantes y salientes con origen o destino en China\u00bb y al personal de aviones y aeropuertos, con relaci\u00f3n con las medidas de higiene personal y sanitarias.<\/p>\n<p>Se anim\u00f3 adem\u00e1s a complementar esas medidas con pruebas aleatorias de los pasajeros al llegar a los Estados miembros y a llevar a cabo la secuenciaci\u00f3n de todos los resultados positivos, para reforzar la vigilancia de la situaci\u00f3n epidemiol\u00f3gica.<\/p>\n<p>Tambi\u00e9n se invit\u00f3 a los pa\u00edses a realizar pruebas y la secuenciaci\u00f3n de las aguas residuales de aeropuertos con vuelos internacionales y aeronaves que lleguen desde China.<\/p>\n<p>Por \u00faltimo, la UE acord\u00f3 continuar promoviendo las vacunas, incluidas las dosis de refuerzo, en particular entre los grupos vulnerables.<\/p>\n<p>El pa\u00eds asi\u00e1tico, que vive una oleada de contagios de covid, anunci\u00f3 a finales de diciembre que reabrir\u00e1 sus fronteras el pr\u00f3ximo 8 de enero, por primera vez desde marzo de 2020.<\/p>\n<p>Con informaci\u00f3n de EFE.<\/p>\n","protected":false},"excerpt":{"rendered":"<p>La Comisi\u00f3n Europea (CE) pidi\u00f3 este jueves a China \u00abtransparencia\u00bb sobre la situaci\u00f3n del covid-19 en su territorio y valor\u00f3 el acuerdo alcanzado entre los Estados miembros para coordinar su respuesta ante la explosi\u00f3n de casos en el pa\u00eds asi\u00e1tico. \u00abChina debe compartir datos de forma transparente sobre su situaci\u00f3n actual\u00bb, dijo la comisaria europea [&hellip;]<\/p>\n","protected":false},"author":19,"featured_media":235132,"comment_status":"closed","ping_status":"closed","sticky":false,"template":"","format":"standard","meta":{"footnotes":""},"categories":[8],"tags":[],"class_list":{"0":"post-235131","1":"post","2":"type-post","3":"status-publish","4":"format-standard","5":"has-post-thumbnail","7":"category-internacionales"},"_links":{"self":[{"href":"https:\/\/elluchador.info\/index.php?rest_route=\/wp\/v2\/posts\/235131","targetHints":{"allow":["GET"]}}],"collection":[{"href":"https:\/\/elluchador.info\/index.php?rest_route=\/wp\/v2\/posts"}],"about":[{"href":"https:\/\/elluchador.info\/index.php?rest_route=\/wp\/v2\/types\/post"}],"author":[{"embeddable":true,"href":"https:\/\/elluchador.info\/index.php?rest_route=\/wp\/v2\/users\/19"}],"replies":[{"embeddable":true,"href":"https:\/\/elluchador.info\/index.php?rest_route=%2Fwp%2Fv2%2Fcomments&post=235131"}],"version-history":[{"count":1,"href":"https:\/\/elluchador.info\/index.php?rest_route=\/wp\/v2\/posts\/235131\/revisions"}],"predecessor-version":[{"id":235133,"href":"https:\/\/elluchador.info\/index.php?rest_route=\/wp\/v2\/posts\/235131\/revisions\/235133"}],"wp:featuredmedia":[{"embeddable":true,"href":"https:\/\/elluchador.info\/index.php?rest_route=\/wp\/v2\/media\/235132"}],"wp:attachment":[{"href":"https:\/\/elluchador.info\/index.php?rest_route=%2Fwp%2Fv2%2Fmedia&parent=235131"}],"wp:term":[{"taxonomy":"category","embeddable":true,"href":"https:\/\/elluchador.info\/index.php?rest_route=%2Fwp%2Fv2%2Fcategories&post=235131"},{"taxonomy":"post_tag","embeddable":true,"href":"https:\/\/elluchador.info\/index.php?rest_route=%2Fwp%2Fv2%2Ftags&post=235131"}],"curies":[{"name":"wp","href":"https:\/\/api.w.org\/{rel}","templated":true}]}}