{"id":235160,"date":"2023-01-05T12:43:42","date_gmt":"2023-01-05T16:43:42","guid":{"rendered":"https:\/\/elluchador.info\/web\/?p=235160"},"modified":"2023-01-05T12:43:42","modified_gmt":"2023-01-05T16:43:42","slug":"an-inicia-periodo-de-sesiones-ordinarias-2023-este-5ene","status":"publish","type":"post","link":"https:\/\/elluchador.info\/?p=235160","title":{"rendered":"AN inicia periodo de sesiones ordinarias 2023 este #5Ene"},"content":{"rendered":"<p>Este jueves 5 de enero a las 11:00 de la ma\u00f1ana, la Asamblea Nacional (AN) inicia el periodo de sesiones ordinarias 2023.<\/p>\n<p>El presidente del Poder Legislativo, diputado Jorge Rodr\u00edguez, convoc\u00f3 a los 277 para la sesi\u00f3n de instalaci\u00f3n que establece la Constituci\u00f3n de la Rep\u00fablica Bolivariana de Venezuela (CRBV) en su art\u00edculo 219.<\/p>\n<p>Que indica el 5 de enero de cada a\u00f1o para iniciar el periodo anual del Parlamento Nacional.<\/p>\n<p>Mientras que el Reglamento Interior y de Debates (Ridan) explica el procedimiento para tal fin en los art\u00edculos 1 y 2, rese\u00f1a una nota de prensa del parlamento.<\/p>\n<h3>Sesi\u00f3n de instalaci\u00f3n AN<\/h3>\n<p>Previo a la sesi\u00f3n de instalaci\u00f3n, la directiva en funciones, y otros parlamentarios, permanecer\u00e1n en la Casa Amarilla.<\/p>\n<p>A la espera de la indicaciones de los funcionarios de protocolo de la AN para desplazarse hacia la Plaza Bol\u00edvar.<\/p>\n<p>Donde rendir\u00e1n honores al Padre de la Patria El Libertador Sim\u00f3n Bol\u00edvar, para luego trasladarse al Palacio Federal Legislativo.<\/p>\n<p>Con el fin de iniciar el proceso de instalaci\u00f3n de la sesi\u00f3n y la escogencia de la nueva directiva.<\/p>\n<p>Por su parte, el diputado Jorge Rodr\u00edguez fungir\u00e1 como Director de Debate de esta sesi\u00f3n de instalaci\u00f3n debido a que cumpli\u00f3 el segundo a\u00f1o como presidente del Legislativo.<\/p>\n<p>Le corresponde, por tanto, ocupar la curul correspondiente en la Tribuna de la Junta Directiva y desde all\u00ed dirigir\u00e1 la sesi\u00f3n provisionalmente.<\/p>\n<h3>Acto protocolar<\/h3>\n<p>De acuerdo al art\u00edculo 3 del Ridan, se anunciar\u00e1 a la diputada o el diputado de m\u00e1s edad como el responsable de dirigir la Comisi\u00f3n de Instalaci\u00f3n.<\/p>\n<p>Que tendr\u00e1 a dos asamble\u00edstas, quienes cumplir\u00e1n la funci\u00f3n de secretaria o secretario y subsecretaria o subsecretario accidentales.<\/p>\n<p>Para hacer los procedimientos protocolares establecidos en la ley.<\/p>\n<p>El director de debate debe elegir cinco diputados para revisar las credenciales de todos los parlamentarios presentes en la sesi\u00f3n.<\/p>\n<p>Para as\u00ed comenzar la lectura de la plancha de los postulados a los cargos.<\/p>\n<p>Despu\u00e9s proceder a votar en Plenaria por quienes integrar\u00e1n la nueva Junta Directiva de la AN, tal como lo se\u00f1ala el art\u00edculo 8 del Ridan.<\/p>\n<p>Al ser elegidos los integrantes de la Directiva, a la presidenta o el presidente, a la primera vicepresidenta o primer vicepresidente y segunda vicepresidenta o segundo vicepresidente, secretaria o secretario y a la subsecretaria o subsecretario,por el per\u00edodo de un a\u00f1o, como lo se\u00f1ala el art\u00edculo 194 de la CRBV, ser\u00e1n juramentados por la comisi\u00f3n para luego ocupar su cargo al \u00a0cual fueron electos por la C\u00e1mara Plena.<\/p>\n<p>Seguidamente, el nuevo presidente o presidenta, sentado en su puesto de la tribuna declarar\u00e1 instalada la AN y ordenar\u00e1 informar de este acontecimiento al Poder Ejecutivo, al Poder Judicial, al Poder Ciudadano y al Poder Electoral.<\/p>\n<p>Igualmente, la AN participar\u00e1 de su instalaci\u00f3n a los voceros y voceras del Poder Popular.<\/p>\n<p>Con la Junta Directiva instalada, la AN comenzar\u00e1 formalmente un nuevo per\u00edodo anual para cumplir sus funciones, tal como lo expresa el 187 constitucional acerca de las atribuciones del Poder Legislativo.<\/p>\n<p>EN<\/p>\n","protected":false},"excerpt":{"rendered":"<p>Este jueves 5 de enero a las 11:00 de la ma\u00f1ana, la Asamblea Nacional (AN) inicia el periodo de sesiones ordinarias 2023. El presidente del Poder Legislativo, diputado Jorge Rodr\u00edguez, convoc\u00f3 a los 277 para la sesi\u00f3n de instalaci\u00f3n que establece la Constituci\u00f3n de la Rep\u00fablica Bolivariana de Venezuela (CRBV) en su art\u00edculo 219. Que [&hellip;]<\/p>\n","protected":false},"author":19,"featured_media":235161,"comment_status":"closed","ping_status":"closed","sticky":false,"template":"","format":"standard","meta":{"footnotes":""},"categories":[9],"tags":[],"class_list":{"0":"post-235160","1":"post","2":"type-post","3":"status-publish","4":"format-standard","5":"has-post-thumbnail","7":"category-nacionales"},"_links":{"self":[{"href":"https:\/\/elluchador.info\/index.php?rest_route=\/wp\/v2\/posts\/235160","targetHints":{"allow":["GET"]}}],"collection":[{"href":"https:\/\/elluchador.info\/index.php?rest_route=\/wp\/v2\/posts"}],"about":[{"href":"https:\/\/elluchador.info\/index.php?rest_route=\/wp\/v2\/types\/post"}],"author":[{"embeddable":true,"href":"https:\/\/elluchador.info\/index.php?rest_route=\/wp\/v2\/users\/19"}],"replies":[{"embeddable":true,"href":"https:\/\/elluchador.info\/index.php?rest_route=%2Fwp%2Fv2%2Fcomments&post=235160"}],"version-history":[{"count":1,"href":"https:\/\/elluchador.info\/index.php?rest_route=\/wp\/v2\/posts\/235160\/revisions"}],"predecessor-version":[{"id":235162,"href":"https:\/\/elluchador.info\/index.php?rest_route=\/wp\/v2\/posts\/235160\/revisions\/235162"}],"wp:featuredmedia":[{"embeddable":true,"href":"https:\/\/elluchador.info\/index.php?rest_route=\/wp\/v2\/media\/235161"}],"wp:attachment":[{"href":"https:\/\/elluchador.info\/index.php?rest_route=%2Fwp%2Fv2%2Fmedia&parent=235160"}],"wp:term":[{"taxonomy":"category","embeddable":true,"href":"https:\/\/elluchador.info\/index.php?rest_route=%2Fwp%2Fv2%2Fcategories&post=235160"},{"taxonomy":"post_tag","embeddable":true,"href":"https:\/\/elluchador.info\/index.php?rest_route=%2Fwp%2Fv2%2Ftags&post=235160"}],"curies":[{"name":"wp","href":"https:\/\/api.w.org\/{rel}","templated":true}]}}