{"id":235168,"date":"2023-01-05T12:54:00","date_gmt":"2023-01-05T16:54:00","guid":{"rendered":"https:\/\/elluchador.info\/web\/?p=235168"},"modified":"2023-01-05T12:54:00","modified_gmt":"2023-01-05T16:54:00","slug":"martin-philipsen-de-chevron-venezuela-designado-gerente-general-de-petropiar","status":"publish","type":"post","link":"https:\/\/elluchador.info\/?p=235168","title":{"rendered":"Martin Philipsen, de Chevron Venezuela, designado gerente general de Petropiar"},"content":{"rendered":"<p>Martin Philipsen, de la compa\u00f1\u00eda Chevron Venezuela, fue designado como gerente general de Petropiar tras la aprobaci\u00f3n de la junta directiva de la empresa.<\/p>\n<p>A trav\u00e9s de un comunicado de Petr\u00f3leos de Venezuela (Pdvsa), se conoci\u00f3 la decisi\u00f3n de la designaci\u00f3n y la trayectoria de Philipsen.<\/p>\n<p>\u00abLa junta directiva de la empresa mixta Petropiar, S.A. aprob\u00f3 la designaci\u00f3n de Martin Philipsen, quien forma parte de la\u00a0compa\u00f1\u00eda\u00a0Chevron, como nuevo gerente general para la organizaci\u00f3n, esta designaci\u00f3n es efectiva a partir del 8 de diciembre de 2022\u2033, inicia el texto.<\/p>\n<div class=\"twitter-tweet twitter-tweet-rendered\"><iframe id=\"twitter-widget-0\" class=\"\" title=\"Twitter Tweet\" src=\"https:\/\/platform.twitter.com\/embed\/Tweet.html?creatorScreenName=https%3A%2F%2Ftwitter.com%2FElNacionalWeb&amp;dnt=true&amp;embedId=twitter-widget-0&amp;features=eyJ0ZndfdGltZWxpbmVfbGlzdCI6eyJidWNrZXQiOlsibGlua3RyLmVlIiwidHIuZWUiLCJ0ZXJyYS5jb20uYnIiLCJ3d3cubGlua3RyLmVlIiwid3d3LnRyLmVlIiwid3d3LnRlcnJhLmNvbS5iciJdLCJ2ZXJzaW9uIjpudWxsfSwidGZ3X2hvcml6b25fdGltZWxpbmVfMTIwMzQiOnsiYnVja2V0IjoidHJlYXRtZW50IiwidmVyc2lvbiI6bnVsbH0sInRmd190d2VldF9lZGl0X2JhY2tlbmQiOnsiYnVja2V0Ijoib24iLCJ2ZXJzaW9uIjpudWxsfSwidGZ3X3JlZnNyY19zZXNzaW9uIjp7ImJ1Y2tldCI6Im9uIiwidmVyc2lvbiI6bnVsbH0sInRmd19zaG93X2J1c2luZXNzX3ZlcmlmaWVkX2JhZGdlIjp7ImJ1Y2tldCI6Im9uIiwidmVyc2lvbiI6bnVsbH0sInRmd19jaGluX3BpbGxzXzE0NzQxIjp7ImJ1Y2tldCI6ImNvbG9yX2ljb25zIiwidmVyc2lvbiI6bnVsbH0sInRmd190d2VldF9yZXN1bHRfbWlncmF0aW9uXzEzOTc5Ijp7ImJ1Y2tldCI6InR3ZWV0X3Jlc3VsdCIsInZlcnNpb24iOm51bGx9LCJ0ZndfbWl4ZWRfbWVkaWFfMTU4OTciOnsiYnVja2V0IjoidHJlYXRtZW50IiwidmVyc2lvbiI6bnVsbH0sInRmd19zZW5zaXRpdmVfbWVkaWFfaW50ZXJzdGl0aWFsXzEzOTYzIjp7ImJ1Y2tldCI6ImludGVyc3RpdGlhbCIsInZlcnNpb24iOm51bGx9LCJ0ZndfZXhwZXJpbWVudHNfY29va2llX2V4cGlyYXRpb24iOnsiYnVja2V0IjoxMjA5NjAwLCJ2ZXJzaW9uIjpudWxsfSwidGZ3X2R1cGxpY2F0ZV9zY3JpYmVzX3RvX3NldHRpbmdzIjp7ImJ1Y2tldCI6Im9uIiwidmVyc2lvbiI6bnVsbH0sInRmd192aWRlb19obHNfZHluYW1pY19tYW5pZmVzdHNfMTUwODIiOnsiYnVja2V0IjoidHJ1ZV9iaXRyYXRlIiwidmVyc2lvbiI6bnVsbH0sInRmd19zaG93X2JsdWVfdmVyaWZpZWRfYmFkZ2UiOnsiYnVja2V0Ijoib24iLCJ2ZXJzaW9uIjpudWxsfSwidGZ3X3Nob3dfZ292X3ZlcmlmaWVkX2JhZGdlIjp7ImJ1Y2tldCI6Im9uIiwidmVyc2lvbiI6bnVsbH0sInRmd19zaG93X2J1c2luZXNzX2FmZmlsaWF0ZV9iYWRnZSI6eyJidWNrZXQiOiJvbiIsInZlcnNpb24iOm51bGx9LCJ0ZndfdHdlZXRfZWRpdF9mcm9udGVuZCI6eyJidWNrZXQiOiJvbiIsInZlcnNpb24iOm51bGx9fQ%3D%3D&amp;frame=false&amp;hideCard=false&amp;hideThread=false&amp;id=1610992889575735298&amp;lang=es&amp;origin=https%3A%2F%2Fwww.elnacional.com%2Fvenezuela%2Fmartin-philipsen-chevron-venezuela-designado-gerente-general-de-petropiar%2F&amp;sessionId=81f70b775df518c2b0bbbe498d5ab84c20529306&amp;siteScreenName=ElNacionalWeb&amp;theme=light&amp;widgetsVersion=a3525f077c700%3A1667415560940&amp;width=550px\" frameborder=\"0\" scrolling=\"no\" allowfullscreen=\"allowfullscreen\" data-tweet-id=\"1610992889575735298\" data-mce-fragment=\"1\"><\/iframe><\/div>\n<p>Del mismo modo, detall\u00f3 el comunicado, \u00abtodas las gerencias de primera l\u00ednea le reportar\u00e1n al gerente general, quien a su vez reportar\u00e1 a la junta directiva de la empresa mixta\u00bb.<\/p>\n<p>Tambi\u00e9n se supo que el nuevo gerente es graduado de la Universidad Boschveld en Eindhoven, Holanda, en la carrera Ingenier\u00eda. Tambi\u00e9n posee una maestr\u00eda en Ingenier\u00eda de Producci\u00f3n y Energ\u00eda de la misma instituci\u00f3n acad\u00e9mica; mientras que otra la tiene en Econom\u00eda y Gesti\u00f3n Empresarial, esta vez del Instituto Franc\u00e9s de Petr\u00f3leo.<\/p>\n<p>\u00abTuvo la oportunidad de trabajar hasta el a\u00f1o 2012 en la empresa mixta PetroBosc\u00e1n, en el \u00e1rea de producci\u00f3n, luego ha tenido\u00a0asignaciones\u00a0en Colombia y Brasil como gerente de Operaciones\u00bb, prosigue el texto.<\/p>\n<p>Finalmente, el informe expres\u00f3 que la decisi\u00f3n se dio basada en el conocimiento, capacidades y habilidades de Martin Philipsen para gestionar el trabajo con los distintos clientes, as\u00ed como por los resultados que se podr\u00edan obtener.<\/p>\n<h2>Tambi\u00e9n se aprobaron por Petropiar otras direcciones gerenciales:<\/h2>\n<ul>\n<li>Gerente T\u00e9cnico y de Operaciones \u2013 Viviana Saenz<\/li>\n<li>Gerente de Mejoramiento \u2013 Manuel Ruza<\/li>\n<li>Gerencia de Administraci\u00f3n y Finanzas \u2013 Carlos Miranda<\/li>\n<li>Gerente de Contrataci\u00f3n \u2013 Armando Castelli<\/li>\n<li>Gerencia de Procura \u2013 Armando Castelli<\/li>\n<li>Gerente de Recursos Humanos \u2013 Loy Valbuena<\/li>\n<li>Gerente de Ingenier\u00eda de Costos \u2013 Orlimary Duran<\/li>\n<li>Gerencia Legal \u2013 Maricel Ferm\u00edn<\/li>\n<li>Gerente Relaciones Externas \u2013 Fanny Velasquez<\/li>\n<li>Gerente de Asuntos P\u00fablicos \u2013 Clariseth Dallas<\/li>\n<li>Gerencia de Inversi\u00f3n Social \u2013 Jose Luis Rodriguez<\/li>\n<li>Gerencia de Seguridad Integral (DSI) \u2013 Anderson M\u00e9ndez<\/li>\n<li>Gerente de Planificaci\u00f3n \u2013 Angel Guerrero<\/li>\n<\/ul>\n<p>EN<\/p>\n","protected":false},"excerpt":{"rendered":"<p>Martin Philipsen, de la compa\u00f1\u00eda Chevron Venezuela, fue designado como gerente general de Petropiar tras la aprobaci\u00f3n de la junta directiva de la empresa. A trav\u00e9s de un comunicado de Petr\u00f3leos de Venezuela (Pdvsa), se conoci\u00f3 la decisi\u00f3n de la designaci\u00f3n y la trayectoria de Philipsen. \u00abLa junta directiva de la empresa mixta Petropiar, S.A. [&hellip;]<\/p>\n","protected":false},"author":19,"featured_media":235169,"comment_status":"closed","ping_status":"closed","sticky":false,"template":"","format":"standard","meta":{"footnotes":""},"categories":[9],"tags":[],"class_list":{"0":"post-235168","1":"post","2":"type-post","3":"status-publish","4":"format-standard","5":"has-post-thumbnail","7":"category-nacionales"},"_links":{"self":[{"href":"https:\/\/elluchador.info\/index.php?rest_route=\/wp\/v2\/posts\/235168","targetHints":{"allow":["GET"]}}],"collection":[{"href":"https:\/\/elluchador.info\/index.php?rest_route=\/wp\/v2\/posts"}],"about":[{"href":"https:\/\/elluchador.info\/index.php?rest_route=\/wp\/v2\/types\/post"}],"author":[{"embeddable":true,"href":"https:\/\/elluchador.info\/index.php?rest_route=\/wp\/v2\/users\/19"}],"replies":[{"embeddable":true,"href":"https:\/\/elluchador.info\/index.php?rest_route=%2Fwp%2Fv2%2Fcomments&post=235168"}],"version-history":[{"count":1,"href":"https:\/\/elluchador.info\/index.php?rest_route=\/wp\/v2\/posts\/235168\/revisions"}],"predecessor-version":[{"id":235170,"href":"https:\/\/elluchador.info\/index.php?rest_route=\/wp\/v2\/posts\/235168\/revisions\/235170"}],"wp:featuredmedia":[{"embeddable":true,"href":"https:\/\/elluchador.info\/index.php?rest_route=\/wp\/v2\/media\/235169"}],"wp:attachment":[{"href":"https:\/\/elluchador.info\/index.php?rest_route=%2Fwp%2Fv2%2Fmedia&parent=235168"}],"wp:term":[{"taxonomy":"category","embeddable":true,"href":"https:\/\/elluchador.info\/index.php?rest_route=%2Fwp%2Fv2%2Fcategories&post=235168"},{"taxonomy":"post_tag","embeddable":true,"href":"https:\/\/elluchador.info\/index.php?rest_route=%2Fwp%2Fv2%2Ftags&post=235168"}],"curies":[{"name":"wp","href":"https:\/\/api.w.org\/{rel}","templated":true}]}}