{"id":235171,"date":"2023-01-05T12:57:13","date_gmt":"2023-01-05T16:57:13","guid":{"rendered":"https:\/\/elluchador.info\/web\/?p=235171"},"modified":"2023-01-05T12:57:13","modified_gmt":"2023-01-05T16:57:13","slug":"al-menos-18-heridos-por-un-incendio-en-un-edificio-de-lisboa","status":"publish","type":"post","link":"https:\/\/elluchador.info\/?p=235171","title":{"rendered":"Al menos 18 heridos por un incendio en un edificio de Lisboa"},"content":{"rendered":"<p>Al menos 18 personas resultaron heridas, siete de gravedad, luego de registrarse un incendio, en un edificio de diez pisos en la capital de Portugal, Lisboa.<\/p>\n<p>El fuego se produjo la madrugada de este jueves en la planta baja del edificio y lleg\u00f3 hasta la d\u00e9cima planta, explic\u00f3 un portavoz de bomberos a medios locales.<\/p>\n<p>Los residentes de la edificaci\u00f3n, ubicado en la avenida\u00a0Columbano Bordalo Pinheiro, una c\u00e9ntrica zona residencial de\u00a0Lisboa, fueron evacuados por los bomberos a trav\u00e9s de las ventanas de los pisos altos.<\/p>\n<p>Las v\u00edctimas fueron atendidas, en su mayor\u00eda, por inhalaci\u00f3n de humo, mientras los siete heridos graves fueron trasladados a un hospital cercano.<\/p>\n<p>De momento se desconocen las causas del siniestro que ya ha sido controlado.<\/p>\n<div>EFE<\/div>\n","protected":false},"excerpt":{"rendered":"<p>Al menos 18 personas resultaron heridas, siete de gravedad, luego de registrarse un incendio, en un edificio de diez pisos en la capital de Portugal, Lisboa. El fuego se produjo la madrugada de este jueves en la planta baja del edificio y lleg\u00f3 hasta la d\u00e9cima planta, explic\u00f3 un portavoz de bomberos a medios locales. [&hellip;]<\/p>\n","protected":false},"author":19,"featured_media":235172,"comment_status":"closed","ping_status":"closed","sticky":false,"template":"","format":"standard","meta":{"footnotes":""},"categories":[8],"tags":[],"class_list":{"0":"post-235171","1":"post","2":"type-post","3":"status-publish","4":"format-standard","5":"has-post-thumbnail","7":"category-internacionales"},"_links":{"self":[{"href":"https:\/\/elluchador.info\/index.php?rest_route=\/wp\/v2\/posts\/235171","targetHints":{"allow":["GET"]}}],"collection":[{"href":"https:\/\/elluchador.info\/index.php?rest_route=\/wp\/v2\/posts"}],"about":[{"href":"https:\/\/elluchador.info\/index.php?rest_route=\/wp\/v2\/types\/post"}],"author":[{"embeddable":true,"href":"https:\/\/elluchador.info\/index.php?rest_route=\/wp\/v2\/users\/19"}],"replies":[{"embeddable":true,"href":"https:\/\/elluchador.info\/index.php?rest_route=%2Fwp%2Fv2%2Fcomments&post=235171"}],"version-history":[{"count":1,"href":"https:\/\/elluchador.info\/index.php?rest_route=\/wp\/v2\/posts\/235171\/revisions"}],"predecessor-version":[{"id":235173,"href":"https:\/\/elluchador.info\/index.php?rest_route=\/wp\/v2\/posts\/235171\/revisions\/235173"}],"wp:featuredmedia":[{"embeddable":true,"href":"https:\/\/elluchador.info\/index.php?rest_route=\/wp\/v2\/media\/235172"}],"wp:attachment":[{"href":"https:\/\/elluchador.info\/index.php?rest_route=%2Fwp%2Fv2%2Fmedia&parent=235171"}],"wp:term":[{"taxonomy":"category","embeddable":true,"href":"https:\/\/elluchador.info\/index.php?rest_route=%2Fwp%2Fv2%2Fcategories&post=235171"},{"taxonomy":"post_tag","embeddable":true,"href":"https:\/\/elluchador.info\/index.php?rest_route=%2Fwp%2Fv2%2Ftags&post=235171"}],"curies":[{"name":"wp","href":"https:\/\/api.w.org\/{rel}","templated":true}]}}