{"id":235187,"date":"2023-01-05T14:12:37","date_gmt":"2023-01-05T18:12:37","guid":{"rendered":"https:\/\/elluchador.info\/web\/?p=235187"},"modified":"2023-01-05T14:12:37","modified_gmt":"2023-01-05T18:12:37","slug":"reelecto-el-diputado-jorge-rodriguez-como-presidente-de-la-an-para-el-periodo-2023-2024","status":"publish","type":"post","link":"https:\/\/elluchador.info\/?p=235187","title":{"rendered":"Reelecto el diputado Jorge Rodr\u00edguez como presidente de la AN para el per\u00edodo 2023 &#8211; 2024"},"content":{"rendered":"<div>Durante el per\u00edodo legislativo 2023-2024, el diputado Jorge Rodr\u00edguez ejercer\u00e1 por tercer a\u00f1o consecutivo el cargo de presidente de la Asamblea Nacional (AN), luego de que fuera reelecto durante la sesi\u00f3n de instalaci\u00f3n del parlamento este jueves 5 de enero.<\/div>\n<div><\/div>\n<div>Para la primera vicepresidencia de la AN se aprob\u00f3 por mayor\u00eda del Bloque de la Patria la postulaci\u00f3n del diputado,\u00a0<b>Pedro Infante\u00a0<\/b>y la segunda vicepresidencia\u00a0<b>Am\u00e9rica P\u00e9rez<\/b>.<\/div>\n<div>\nLa nueva directiva del Poder Legislativo fue propuesta por el parlamentario Diosdado Cabello. \u00abProponemos a\u00a0<b>Jorge Rodr\u00edguez<\/b>, porque bajo su presidencia la AN ha retomado el brillo que perdi\u00f3 durante icinco a\u00f1os en manos de la oposici\u00f3n\u00bb, asegur\u00f3 el tambi\u00e9n vicepresidente del Partido Socialista Unido de Venezuela (Psuv).<\/p>\n<p>Por su parte, durante la instalaci\u00f3n de la AN para el nuevo per\u00edodo legislativo la oposici\u00f3n propuso a los diputados Anyelith Tamayo, Alfonso Campos y Miguel Salazar para la presidencia, primera vicepresidencia y segunda vicepresidencia, respectivamente.<\/p>\n<p>Asimismo, este jueves tambi\u00e9n fueron escogidos\u00a0<b>Rosalba Gil Pacheco<\/b>\u00a0y\u00a0<b>Mar\u00eda Alejandra Hern\u00e1ndez<\/b>\u00a0como secretaria y subsecretaria del Poder Legislativo.<\/p>\n<p>Es importante destacar que este 5 de enero se instal\u00f3 el nuevo per\u00edodo de sesiones del parlamento en conformidad con lo establecido en el art\u00edculo 194 de nuestra Constituci\u00f3n.<\/p><\/div>\n<div><\/div>\n<div>Globovisi\u00f3n<\/div>\n","protected":false},"excerpt":{"rendered":"<p>Durante el per\u00edodo legislativo 2023-2024, el diputado Jorge Rodr\u00edguez ejercer\u00e1 por tercer a\u00f1o consecutivo el cargo de presidente de la Asamblea Nacional (AN), luego de que fuera reelecto durante la sesi\u00f3n de instalaci\u00f3n del parlamento este jueves 5 de enero. Para la primera vicepresidencia de la AN se aprob\u00f3 por mayor\u00eda del Bloque de la [&hellip;]<\/p>\n","protected":false},"author":19,"featured_media":235188,"comment_status":"closed","ping_status":"closed","sticky":false,"template":"","format":"standard","meta":{"footnotes":""},"categories":[9],"tags":[],"class_list":{"0":"post-235187","1":"post","2":"type-post","3":"status-publish","4":"format-standard","5":"has-post-thumbnail","7":"category-nacionales"},"_links":{"self":[{"href":"https:\/\/elluchador.info\/index.php?rest_route=\/wp\/v2\/posts\/235187","targetHints":{"allow":["GET"]}}],"collection":[{"href":"https:\/\/elluchador.info\/index.php?rest_route=\/wp\/v2\/posts"}],"about":[{"href":"https:\/\/elluchador.info\/index.php?rest_route=\/wp\/v2\/types\/post"}],"author":[{"embeddable":true,"href":"https:\/\/elluchador.info\/index.php?rest_route=\/wp\/v2\/users\/19"}],"replies":[{"embeddable":true,"href":"https:\/\/elluchador.info\/index.php?rest_route=%2Fwp%2Fv2%2Fcomments&post=235187"}],"version-history":[{"count":1,"href":"https:\/\/elluchador.info\/index.php?rest_route=\/wp\/v2\/posts\/235187\/revisions"}],"predecessor-version":[{"id":235189,"href":"https:\/\/elluchador.info\/index.php?rest_route=\/wp\/v2\/posts\/235187\/revisions\/235189"}],"wp:featuredmedia":[{"embeddable":true,"href":"https:\/\/elluchador.info\/index.php?rest_route=\/wp\/v2\/media\/235188"}],"wp:attachment":[{"href":"https:\/\/elluchador.info\/index.php?rest_route=%2Fwp%2Fv2%2Fmedia&parent=235187"}],"wp:term":[{"taxonomy":"category","embeddable":true,"href":"https:\/\/elluchador.info\/index.php?rest_route=%2Fwp%2Fv2%2Fcategories&post=235187"},{"taxonomy":"post_tag","embeddable":true,"href":"https:\/\/elluchador.info\/index.php?rest_route=%2Fwp%2Fv2%2Ftags&post=235187"}],"curies":[{"name":"wp","href":"https:\/\/api.w.org\/{rel}","templated":true}]}}