{"id":235205,"date":"2023-01-05T17:15:25","date_gmt":"2023-01-05T21:15:25","guid":{"rendered":"https:\/\/elluchador.info\/web\/?p=235205"},"modified":"2023-01-05T17:15:25","modified_gmt":"2023-01-05T21:15:25","slug":"gobierno-bolivariano-lleva-jornada-integral-a-los-bloques-de-la-paragua","status":"publish","type":"post","link":"https:\/\/elluchador.info\/?p=235205","title":{"rendered":"Gobierno bolivariano lleva jornada integral a los bloques de La Paragua\u00a0"},"content":{"rendered":"<p>Continuando con el fortalecimiento de las pol\u00edticas ambientales, los equipos adscritos a la direcci\u00f3n de Servicios Generales Municipales, mantienen una jornada de limpieza en los bloques de La Paragua en la parroquia Vista Hermosa.<\/p>\n<p>Alfredo Villanera, director de esa dependencia coment\u00f3 que continuando con las instrucciones del l\u00edder municipal y bajo el acompa\u00f1amiento de la RAAS del punto y c\u00edrculo iniciaron los trabajos en materia de sanear las \u00e1reas de los bloques de La Paragua y de esta manera continuar apostando a la consolidaci\u00f3n de las pol\u00edticas ambientales.<\/p>\n<p>Resalt\u00f3 que las cuadrillas se desplegaron en dos frentes como son la limpieza de los vertederos espont\u00e1neos; as\u00ed como otro frente con el mantenimiento de las \u00e1reas.<\/p>\n<p>El director integral dijo que una vez que recibieron los reportes a trav\u00e9s de la VenApp se efectuaron las coordinaciones para llevar la jornada integral y de esa manera continuar con el embellecimiento de los espacios de Ciudad Bol\u00edvar.<\/p>\n<p>Villanera inst\u00f3 a las personas a cuidar sus espacios, a no lanzar sus desperdicios en las \u00e1reas verdes y comunes; ya que eso crea focos de contaminaci\u00f3n, porque entre todos se construye la ciudad que queremos.<\/p>\n<p>Finaliz\u00f3 diciendo que las jornadas integrales de mantenimiento se mantienen en todos los sectores de Ciudad Bol\u00edvar, como parte de la optimizaci\u00f3n de los servicios p\u00fablicos.<\/p>\n<p><strong>Prensa Alcald\u00eda AO<\/strong><\/p>\n","protected":false},"excerpt":{"rendered":"<p>Continuando con el fortalecimiento de las pol\u00edticas ambientales, los equipos adscritos a la direcci\u00f3n de Servicios Generales Municipales, mantienen una jornada de limpieza en los bloques de La Paragua en la parroquia Vista Hermosa. Alfredo Villanera, director de esa dependencia coment\u00f3 que continuando con las instrucciones del l\u00edder municipal y bajo el acompa\u00f1amiento de la [&hellip;]<\/p>\n","protected":false},"author":19,"featured_media":235206,"comment_status":"closed","ping_status":"closed","sticky":false,"template":"","format":"standard","meta":{"footnotes":""},"categories":[20],"tags":[],"class_list":{"0":"post-235205","1":"post","2":"type-post","3":"status-publish","4":"format-standard","5":"has-post-thumbnail","7":"category-municipal"},"_links":{"self":[{"href":"https:\/\/elluchador.info\/index.php?rest_route=\/wp\/v2\/posts\/235205","targetHints":{"allow":["GET"]}}],"collection":[{"href":"https:\/\/elluchador.info\/index.php?rest_route=\/wp\/v2\/posts"}],"about":[{"href":"https:\/\/elluchador.info\/index.php?rest_route=\/wp\/v2\/types\/post"}],"author":[{"embeddable":true,"href":"https:\/\/elluchador.info\/index.php?rest_route=\/wp\/v2\/users\/19"}],"replies":[{"embeddable":true,"href":"https:\/\/elluchador.info\/index.php?rest_route=%2Fwp%2Fv2%2Fcomments&post=235205"}],"version-history":[{"count":1,"href":"https:\/\/elluchador.info\/index.php?rest_route=\/wp\/v2\/posts\/235205\/revisions"}],"predecessor-version":[{"id":235207,"href":"https:\/\/elluchador.info\/index.php?rest_route=\/wp\/v2\/posts\/235205\/revisions\/235207"}],"wp:featuredmedia":[{"embeddable":true,"href":"https:\/\/elluchador.info\/index.php?rest_route=\/wp\/v2\/media\/235206"}],"wp:attachment":[{"href":"https:\/\/elluchador.info\/index.php?rest_route=%2Fwp%2Fv2%2Fmedia&parent=235205"}],"wp:term":[{"taxonomy":"category","embeddable":true,"href":"https:\/\/elluchador.info\/index.php?rest_route=%2Fwp%2Fv2%2Fcategories&post=235205"},{"taxonomy":"post_tag","embeddable":true,"href":"https:\/\/elluchador.info\/index.php?rest_route=%2Fwp%2Fv2%2Ftags&post=235205"}],"curies":[{"name":"wp","href":"https:\/\/api.w.org\/{rel}","templated":true}]}}