{"id":235211,"date":"2023-01-05T17:20:22","date_gmt":"2023-01-05T21:20:22","guid":{"rendered":"https:\/\/elluchador.info\/web\/?p=235211"},"modified":"2023-01-05T17:20:22","modified_gmt":"2023-01-05T21:20:22","slug":"bolivar-emprendedora-tiene-nuevos-proyectos-para-el-2023","status":"publish","type":"post","link":"https:\/\/elluchador.info\/?p=235211","title":{"rendered":"Bol\u00edvar Emprendedora tiene nuevos proyectos para el 2023"},"content":{"rendered":"<p>La Fundaci\u00f3n Bol\u00edvar Emprendedora se prepara con nuevos retos y proyectos, para seguir impulsando a los emprendedores que hacen vida en el municipio Angostura del Orinoco, as\u00ed lo manifest\u00f3 Yenny Hern\u00e1ndez, presidenta de esta fundaci\u00f3n.<\/p>\n<p>\u201cEste a\u00f1o, Bol\u00edvar Emprendedora ampl\u00eda su espectro, porque adem\u00e1s de trabajar con la fundaci\u00f3n tambi\u00e9n vamos a trabajar con la academia de la lengua cap\u00edtulo Bol\u00edvar. Vamos a continuar ese trabajo que vino antes de Bol\u00edvar Emprendedora, que fue\u00a0 Publi Producciones YM Hern\u00e1ndez, una firma personal de producciones de proyecciones y todo lo que significa eventos sociales, tur\u00edsticos y culturales\u201d, indic\u00f3 Hern\u00e1ndez.<\/p>\n<p>\u201cVamos a trabajar de la mano de los emprendedores como siempre, teniendo una nueva sede en la calle Boyac\u00e1, en las instalaciones de radio Digital, frente al Ministerio del Trabajo. Donde tambi\u00e9n vamos a trabajar programas de radio, programas en vivo por IG, ampliamos el espectro, para que nuestros emprendedores sean conocidos a nivel local, nacional e internacional\u201d, destac\u00f3 la presidenta de Bol\u00edvar Emprendedora.<\/p>\n<p>Adem\u00e1s, acot\u00f3 que \u201cVamos tambi\u00e9n a trabajar en la proyecci\u00f3n de nuestra Ciudad. Por supuesto capacitando a nuestros emprendedores con cursos, bien sea en vivo o virtualmente. Eso es parte de la proyecci\u00f3n que tenemos este 2023\u201d.<\/p>\n","protected":false},"excerpt":{"rendered":"<p>La Fundaci\u00f3n Bol\u00edvar Emprendedora se prepara con nuevos retos y proyectos, para seguir impulsando a los emprendedores que hacen vida en el municipio Angostura del Orinoco, as\u00ed lo manifest\u00f3 Yenny Hern\u00e1ndez, presidenta de esta fundaci\u00f3n. \u201cEste a\u00f1o, Bol\u00edvar Emprendedora ampl\u00eda su espectro, porque adem\u00e1s de trabajar con la fundaci\u00f3n tambi\u00e9n vamos a trabajar con la [&hellip;]<\/p>\n","protected":false},"author":19,"featured_media":235212,"comment_status":"closed","ping_status":"closed","sticky":false,"template":"","format":"standard","meta":{"footnotes":""},"categories":[12],"tags":[],"class_list":{"0":"post-235211","1":"post","2":"type-post","3":"status-publish","4":"format-standard","5":"has-post-thumbnail","7":"category-regionales"},"_links":{"self":[{"href":"https:\/\/elluchador.info\/index.php?rest_route=\/wp\/v2\/posts\/235211","targetHints":{"allow":["GET"]}}],"collection":[{"href":"https:\/\/elluchador.info\/index.php?rest_route=\/wp\/v2\/posts"}],"about":[{"href":"https:\/\/elluchador.info\/index.php?rest_route=\/wp\/v2\/types\/post"}],"author":[{"embeddable":true,"href":"https:\/\/elluchador.info\/index.php?rest_route=\/wp\/v2\/users\/19"}],"replies":[{"embeddable":true,"href":"https:\/\/elluchador.info\/index.php?rest_route=%2Fwp%2Fv2%2Fcomments&post=235211"}],"version-history":[{"count":1,"href":"https:\/\/elluchador.info\/index.php?rest_route=\/wp\/v2\/posts\/235211\/revisions"}],"predecessor-version":[{"id":235213,"href":"https:\/\/elluchador.info\/index.php?rest_route=\/wp\/v2\/posts\/235211\/revisions\/235213"}],"wp:featuredmedia":[{"embeddable":true,"href":"https:\/\/elluchador.info\/index.php?rest_route=\/wp\/v2\/media\/235212"}],"wp:attachment":[{"href":"https:\/\/elluchador.info\/index.php?rest_route=%2Fwp%2Fv2%2Fmedia&parent=235211"}],"wp:term":[{"taxonomy":"category","embeddable":true,"href":"https:\/\/elluchador.info\/index.php?rest_route=%2Fwp%2Fv2%2Fcategories&post=235211"},{"taxonomy":"post_tag","embeddable":true,"href":"https:\/\/elluchador.info\/index.php?rest_route=%2Fwp%2Fv2%2Ftags&post=235211"}],"curies":[{"name":"wp","href":"https:\/\/api.w.org\/{rel}","templated":true}]}}