{"id":235222,"date":"2023-01-05T17:32:51","date_gmt":"2023-01-05T21:32:51","guid":{"rendered":"https:\/\/elluchador.info\/web\/?p=235222"},"modified":"2023-01-05T17:32:51","modified_gmt":"2023-01-05T21:32:51","slug":"metropolitanos-defendera-su-titulo-en-la-temporada-del-2023","status":"publish","type":"post","link":"https:\/\/elluchador.info\/?p=235222","title":{"rendered":"Metropolitanos defender\u00e1 su t\u00edtulo en la temporada del 2023."},"content":{"rendered":"<p>La pr\u00f3xima temporada de la Liga Futve ya tiene fecha de inicio marcada en el calendario. La primera fecha se disputar\u00e1 a partir del 2 de febrero con la participaci\u00f3n de los equipos que aprueben la Licencia de Clubes otorgada por la FVF, que en principio son los 16 que aseguraron su presencia en el campeonato pasado.<\/p>\n<p>\u201cEl campeonato de primera divisi\u00f3n se jugar\u00eda con 16 equipos como hemos estipulado. Angostura har\u00eda su debut en el campeonato, tras quedar campe\u00f3n en la segunda divisi\u00f3n y ocupar\u00eda el lugar de Aragua que descendi\u00f3. Sin embargo, la Liga depende de que la FVF apruebe las Licencias de Clubes que seguramente las dar\u00e1 a conocer la pr\u00f3xima semana\u201d, afirm\u00f3 Akran Almatni, presidente de la Liga.<\/p>\n<p>La presencia de Estudiantes de M\u00e9rida y Deportivo Lara en el pr\u00f3ximo campeonato tambi\u00e9n es un tema que mantiene en expectativa a la Liga. \u201cSabemos de las dificultades por los que atraves\u00f3 Estudiantes, tras el lamentable fallecimiento de su presidente, pero estamos seguros de que un club con tanta tradici\u00f3n saldr\u00e1 adelante, igual que Lara\u201d, dijo.<\/p>\n<p>El formato con liguillas finales, una para Copa Libertadores e ir por el t\u00edtulo, y otra para la Suramericana, se mantendr\u00e1 intacto, porque \u201cgener\u00f3 competitividad en la ronda regular y las liguillas han sido positivas\u201d, a\u00f1adi\u00f3<\/p>\n<p>L\u00edder<\/p>\n","protected":false},"excerpt":{"rendered":"<p>La pr\u00f3xima temporada de la Liga Futve ya tiene fecha de inicio marcada en el calendario. La primera fecha se disputar\u00e1 a partir del 2 de febrero con la participaci\u00f3n de los equipos que aprueben la Licencia de Clubes otorgada por la FVF, que en principio son los 16 que aseguraron su presencia en el [&hellip;]<\/p>\n","protected":false},"author":19,"featured_media":235223,"comment_status":"closed","ping_status":"closed","sticky":false,"template":"","format":"standard","meta":{"footnotes":""},"categories":[4],"tags":[],"class_list":{"0":"post-235222","1":"post","2":"type-post","3":"status-publish","4":"format-standard","5":"has-post-thumbnail","7":"category-deportes"},"_links":{"self":[{"href":"https:\/\/elluchador.info\/index.php?rest_route=\/wp\/v2\/posts\/235222","targetHints":{"allow":["GET"]}}],"collection":[{"href":"https:\/\/elluchador.info\/index.php?rest_route=\/wp\/v2\/posts"}],"about":[{"href":"https:\/\/elluchador.info\/index.php?rest_route=\/wp\/v2\/types\/post"}],"author":[{"embeddable":true,"href":"https:\/\/elluchador.info\/index.php?rest_route=\/wp\/v2\/users\/19"}],"replies":[{"embeddable":true,"href":"https:\/\/elluchador.info\/index.php?rest_route=%2Fwp%2Fv2%2Fcomments&post=235222"}],"version-history":[{"count":1,"href":"https:\/\/elluchador.info\/index.php?rest_route=\/wp\/v2\/posts\/235222\/revisions"}],"predecessor-version":[{"id":235224,"href":"https:\/\/elluchador.info\/index.php?rest_route=\/wp\/v2\/posts\/235222\/revisions\/235224"}],"wp:featuredmedia":[{"embeddable":true,"href":"https:\/\/elluchador.info\/index.php?rest_route=\/wp\/v2\/media\/235223"}],"wp:attachment":[{"href":"https:\/\/elluchador.info\/index.php?rest_route=%2Fwp%2Fv2%2Fmedia&parent=235222"}],"wp:term":[{"taxonomy":"category","embeddable":true,"href":"https:\/\/elluchador.info\/index.php?rest_route=%2Fwp%2Fv2%2Fcategories&post=235222"},{"taxonomy":"post_tag","embeddable":true,"href":"https:\/\/elluchador.info\/index.php?rest_route=%2Fwp%2Fv2%2Ftags&post=235222"}],"curies":[{"name":"wp","href":"https:\/\/api.w.org\/{rel}","templated":true}]}}