{"id":235230,"date":"2023-01-05T17:46:53","date_gmt":"2023-01-05T21:46:53","guid":{"rendered":"https:\/\/elluchador.info\/web\/?p=235230"},"modified":"2023-01-05T17:46:53","modified_gmt":"2023-01-05T21:46:53","slug":"adquirir-alimentos-es-la-prioridad-para-los-bolivarenses","status":"publish","type":"post","link":"https:\/\/elluchador.info\/?p=235230","title":{"rendered":"Adquirir alimentos es la prioridad para los bolivarenses"},"content":{"rendered":"<p>Tras llegar a su fin la Navidad y la espera del nuevo a\u00f1o, como ya es costumbre, los primeros d\u00edas de enero suelen ser lentos y poco alentadores para quienes se dedican a las actividades comerciales, pues, la tendencia es que los consumidores hacen sus compras en la temporada de decembrina y es hasta despu\u00e9s del 15 de enero cuando todo pareciera retomar nuevamente su ritmo habitual.<\/p>\n<p>Sin embargo, este 2023 inici\u00f3 diferente a a\u00f1os anteriores, por lo menos en el mercado perif\u00e9rico y los comercios adyacentes, debido a que decenas de personas han acudido masivamente a hacer compras en estos primeros d\u00edas del a\u00f1o.<\/p>\n<p>Algunos comerciantes alegan que esto se debe a que la prioridad sigue siendo comprar alimentos y muchas personas decidieron esperar a enero con la esperanza de encontrar mejores precios.<\/p>\n<p>\u201cLas gente est\u00e1 comprando y hay que aprovechar para vender porque generalmente los primeros d\u00edas de enero no hay mucho movimiento. Siempre ha sido que despu\u00e9s del 15 cuando las personas cobran es que las ventas se vuelven a emparejar\u201d, expres\u00f3 Edgar Flores al ser consultado.<\/p>\n<p>Por su parte, quienes han acudido al mercado en esta primera semana del a\u00f1o no han encontrado mayor diferencia en los precios de los productos y afirman que algunos productos han aumentado.<\/p>\n<p>\u201cVine a comprar algunos alimentos que ya se me acabaron, pero respecto a los precios de diciembre la diferencia no es mucha. Nada ha bajado de precio, ni hay muchas ofertas que digamos, al contrario, algunos productos como la harina de ma\u00edz, el arroz y la harina de trigo, han aumentado por lo menos dos o tres bol\u00edvares\u201d, concluy\u00f3 Yolanda Ortiz.<\/p>\n<p>Gledis Bonilla<\/p>\n","protected":false},"excerpt":{"rendered":"<p>Tras llegar a su fin la Navidad y la espera del nuevo a\u00f1o, como ya es costumbre, los primeros d\u00edas de enero suelen ser lentos y poco alentadores para quienes se dedican a las actividades comerciales, pues, la tendencia es que los consumidores hacen sus compras en la temporada de decembrina y es hasta despu\u00e9s [&hellip;]<\/p>\n","protected":false},"author":19,"featured_media":235232,"comment_status":"closed","ping_status":"closed","sticky":false,"template":"","format":"standard","meta":{"footnotes":""},"categories":[2],"tags":[],"class_list":{"0":"post-235230","1":"post","2":"type-post","3":"status-publish","4":"format-standard","5":"has-post-thumbnail","7":"category-comunidad"},"_links":{"self":[{"href":"https:\/\/elluchador.info\/index.php?rest_route=\/wp\/v2\/posts\/235230","targetHints":{"allow":["GET"]}}],"collection":[{"href":"https:\/\/elluchador.info\/index.php?rest_route=\/wp\/v2\/posts"}],"about":[{"href":"https:\/\/elluchador.info\/index.php?rest_route=\/wp\/v2\/types\/post"}],"author":[{"embeddable":true,"href":"https:\/\/elluchador.info\/index.php?rest_route=\/wp\/v2\/users\/19"}],"replies":[{"embeddable":true,"href":"https:\/\/elluchador.info\/index.php?rest_route=%2Fwp%2Fv2%2Fcomments&post=235230"}],"version-history":[{"count":1,"href":"https:\/\/elluchador.info\/index.php?rest_route=\/wp\/v2\/posts\/235230\/revisions"}],"predecessor-version":[{"id":235233,"href":"https:\/\/elluchador.info\/index.php?rest_route=\/wp\/v2\/posts\/235230\/revisions\/235233"}],"wp:featuredmedia":[{"embeddable":true,"href":"https:\/\/elluchador.info\/index.php?rest_route=\/wp\/v2\/media\/235232"}],"wp:attachment":[{"href":"https:\/\/elluchador.info\/index.php?rest_route=%2Fwp%2Fv2%2Fmedia&parent=235230"}],"wp:term":[{"taxonomy":"category","embeddable":true,"href":"https:\/\/elluchador.info\/index.php?rest_route=%2Fwp%2Fv2%2Fcategories&post=235230"},{"taxonomy":"post_tag","embeddable":true,"href":"https:\/\/elluchador.info\/index.php?rest_route=%2Fwp%2Fv2%2Ftags&post=235230"}],"curies":[{"name":"wp","href":"https:\/\/api.w.org\/{rel}","templated":true}]}}