{"id":235234,"date":"2023-01-05T17:53:37","date_gmt":"2023-01-05T21:53:37","guid":{"rendered":"https:\/\/elluchador.info\/web\/?p=235234"},"modified":"2023-01-05T17:53:37","modified_gmt":"2023-01-05T21:53:37","slug":"aprehendido-por-cometer-actos-lascivos-en-contra-de-una-nina","status":"publish","type":"post","link":"https:\/\/elluchador.info\/?p=235234","title":{"rendered":"Aprehendido por cometer actos lascivos en contra de una ni\u00f1a"},"content":{"rendered":"<p>Un hombre de 42 a\u00f1os de edad y de nacionalidad colombiana fue aprehendido por funcionarios de la Polic\u00eda Municipal de Col\u00f3n (PoliCol\u00f3n) en el estado Zulia, por presuntamente cometer actos lascivos en contra de una ni\u00f1a de 10 a\u00f1os.<\/p>\n<p>Seg\u00fan el reporte policial, el detenido qued\u00f3 identificado como \u00d3scar Su\u00e1rez.<\/p>\n<p>El director general de PoliCol\u00f3n, Jos\u00e9 Guillermo Graterol Garc\u00eda indic\u00f3, que el procedimiento se llev\u00f3 a cabo en la parroquia Urribarri, luego que la madre de la ni\u00f1a formular\u00e1 la denuncia.<\/p>\n<p>Precis\u00f3 que la mujer en compa\u00f1\u00eda de la v\u00edctima, se acerc\u00f3 hasta la estaci\u00f3n policial.<\/p>\n<p>Donde acus\u00f3 a su expareja por actos lascivos en d\u00edas pasados en contra de la menor a quien manten\u00eda amenazada.<\/p>\n<p>\u00abLuego de la denuncia emitida por la mam\u00e1 de la peque\u00f1a, la comisi\u00f3n procedi\u00f3 a realizar la b\u00fasqueda del denunciado quien se encontraba huyendo\u00bb, a\u00f1adi\u00f3 Graterol Garc\u00eda.<\/p>\n<p>Detenido por actos lascivo en contra de una ni\u00f1a<\/p>\n<p>Su\u00e1rez se hab\u00eda metido a un matorral; al caer la noche, quiso retornar a su vivienda y all\u00ed fue capturado por los funcionarios de la polic\u00eda municipal.<\/p>\n<p>Los uniformados trasladaron al detenido hasta la Coordinaci\u00f3n Policial N \u00b01 del municipio Col\u00f3n, para realizar el procedimiento de ley.<\/p>\n<p>Diario 2001<\/p>\n","protected":false},"excerpt":{"rendered":"<p>Un hombre de 42 a\u00f1os de edad y de nacionalidad colombiana fue aprehendido por funcionarios de la Polic\u00eda Municipal de Col\u00f3n (PoliCol\u00f3n) en el estado Zulia, por presuntamente cometer actos lascivos en contra de una ni\u00f1a de 10 a\u00f1os. Seg\u00fan el reporte policial, el detenido qued\u00f3 identificado como \u00d3scar Su\u00e1rez. El director general de PoliCol\u00f3n, [&hellip;]<\/p>\n","protected":false},"author":19,"featured_media":235235,"comment_status":"closed","ping_status":"closed","sticky":false,"template":"","format":"standard","meta":{"footnotes":""},"categories":[13],"tags":[],"class_list":{"0":"post-235234","1":"post","2":"type-post","3":"status-publish","4":"format-standard","5":"has-post-thumbnail","7":"category-sucesos"},"_links":{"self":[{"href":"https:\/\/elluchador.info\/index.php?rest_route=\/wp\/v2\/posts\/235234","targetHints":{"allow":["GET"]}}],"collection":[{"href":"https:\/\/elluchador.info\/index.php?rest_route=\/wp\/v2\/posts"}],"about":[{"href":"https:\/\/elluchador.info\/index.php?rest_route=\/wp\/v2\/types\/post"}],"author":[{"embeddable":true,"href":"https:\/\/elluchador.info\/index.php?rest_route=\/wp\/v2\/users\/19"}],"replies":[{"embeddable":true,"href":"https:\/\/elluchador.info\/index.php?rest_route=%2Fwp%2Fv2%2Fcomments&post=235234"}],"version-history":[{"count":1,"href":"https:\/\/elluchador.info\/index.php?rest_route=\/wp\/v2\/posts\/235234\/revisions"}],"predecessor-version":[{"id":235236,"href":"https:\/\/elluchador.info\/index.php?rest_route=\/wp\/v2\/posts\/235234\/revisions\/235236"}],"wp:featuredmedia":[{"embeddable":true,"href":"https:\/\/elluchador.info\/index.php?rest_route=\/wp\/v2\/media\/235235"}],"wp:attachment":[{"href":"https:\/\/elluchador.info\/index.php?rest_route=%2Fwp%2Fv2%2Fmedia&parent=235234"}],"wp:term":[{"taxonomy":"category","embeddable":true,"href":"https:\/\/elluchador.info\/index.php?rest_route=%2Fwp%2Fv2%2Fcategories&post=235234"},{"taxonomy":"post_tag","embeddable":true,"href":"https:\/\/elluchador.info\/index.php?rest_route=%2Fwp%2Fv2%2Ftags&post=235234"}],"curies":[{"name":"wp","href":"https:\/\/api.w.org\/{rel}","templated":true}]}}