{"id":235238,"date":"2023-01-06T10:43:39","date_gmt":"2023-01-06T14:43:39","guid":{"rendered":"https:\/\/elluchador.info\/web\/?p=235238"},"modified":"2023-01-06T10:43:39","modified_gmt":"2023-01-06T14:43:39","slug":"mexico-confirma-llegada-de-biden-para-este-domingo-en-el-marco-de-la-cumbre-de-lideres-de-america-del-norte","status":"publish","type":"post","link":"https:\/\/elluchador.info\/?p=235238","title":{"rendered":"M\u00e9xico confirma llegada de Biden para este domingo en el marco de la Cumbre de L\u00edderes de Am\u00e9rica del Norte"},"content":{"rendered":"<p>El canciller mexicano, Marcelo Ebrard, inform\u00f3 este jueves que el presidente de Estados Unidos, Joe Biden, llegar\u00e1 al pa\u00eds latinoamericano el domingo 8 de enero, un d\u00eda antes de lo programado, y aterrizar\u00e1 en el Aeropuerto Internacional Felipe \u00c1ngeles (AIFA), nueva terminal a\u00e9rea inaugurada el 21 de marzo de 2022.<\/p>\n<p>\u00abActualizaci\u00f3n de la Cumbre de L\u00edderes de Am\u00e9rica del Norte: el Presidente de los Estados Unidos, Joe Biden, llegar\u00e1 el domingo 8 de enero por la tarde al Aeropuerto Internacional Felipe \u00c1ngeles. \u00a1Ser\u00e1 bienvenido a M\u00e9xico!\u00bb, apunt\u00f3 Ebrard en un mensaje en redes sociales.<\/p>\n<p>Previamente en conferencia, Ebrard hab\u00eda adelantado que Biden llegar\u00eda a la capital mexicana el lunes 9 de enero a las 01:00 de la tarde (hora local), mientras que el primer ministro de Canad\u00e1, Justin Trudeau, arribar\u00e1 a las 02:30 (hora local).<\/p>\n<p>Adem\u00e1s, dijo que el presidente de M\u00e9xico, Andr\u00e9s Manuel L\u00f3pez Obrador, tendr\u00e1 un encuentro bilateral con Biden el pr\u00f3ximo lunes y otro el mi\u00e9rcoles con Trudeau, en el marco de la Cumbre de L\u00edderes de Am\u00e9rica del Norte que albergar\u00e1 M\u00e9xico.<\/p>\n<p>La reuni\u00f3n oficial entre los tres mandatarios ocurrir\u00e1 el martes en el Palacio Nacional de Ciudad de M\u00e9xico a partir de las 11:30 de la ma\u00f1ana (hora local) y hasta cerca de las 03:00 (hora local), cuando habr\u00eda un mensaje conjunto a medios, despu\u00e9s del que Biden volver\u00eda a Estados Unidos.<\/p>\n<p>Mientras que el encuentro con Trudeau suceder\u00eda a las 10:30 de la ma\u00f1ana (hora local) el pr\u00f3ximo mi\u00e9rcoles.<\/p>\n<p>La \u00faltima Cumbre de L\u00edderes de Am\u00e9rica del Norte ocurri\u00f3 en noviembre de 2021 en Washington, donde los tres responsables norteamericanos abordaron la pandemia de la covid-19, la migraci\u00f3n y el Tratado entre M\u00e9xico, Estados Unidos y Canad\u00e1 (T-MEC).<\/p>\n<p>La cumbre trilateral se organizaba normalmente de forma anual, aunque en 2021 se celebr\u00f3 por primera vez desde 2016, despu\u00e9s de cuatro a\u00f1os paralizada durante el mandato de Donald Trump.<\/p>\n<p>Con informaci\u00f3n de EFE.<\/p>\n","protected":false},"excerpt":{"rendered":"<p>El canciller mexicano, Marcelo Ebrard, inform\u00f3 este jueves que el presidente de Estados Unidos, Joe Biden, llegar\u00e1 al pa\u00eds latinoamericano el domingo 8 de enero, un d\u00eda antes de lo programado, y aterrizar\u00e1 en el Aeropuerto Internacional Felipe \u00c1ngeles (AIFA), nueva terminal a\u00e9rea inaugurada el 21 de marzo de 2022. \u00abActualizaci\u00f3n de la Cumbre de [&hellip;]<\/p>\n","protected":false},"author":19,"featured_media":235239,"comment_status":"closed","ping_status":"closed","sticky":false,"template":"","format":"standard","meta":{"footnotes":""},"categories":[8],"tags":[],"class_list":{"0":"post-235238","1":"post","2":"type-post","3":"status-publish","4":"format-standard","5":"has-post-thumbnail","7":"category-internacionales"},"_links":{"self":[{"href":"https:\/\/elluchador.info\/index.php?rest_route=\/wp\/v2\/posts\/235238","targetHints":{"allow":["GET"]}}],"collection":[{"href":"https:\/\/elluchador.info\/index.php?rest_route=\/wp\/v2\/posts"}],"about":[{"href":"https:\/\/elluchador.info\/index.php?rest_route=\/wp\/v2\/types\/post"}],"author":[{"embeddable":true,"href":"https:\/\/elluchador.info\/index.php?rest_route=\/wp\/v2\/users\/19"}],"replies":[{"embeddable":true,"href":"https:\/\/elluchador.info\/index.php?rest_route=%2Fwp%2Fv2%2Fcomments&post=235238"}],"version-history":[{"count":1,"href":"https:\/\/elluchador.info\/index.php?rest_route=\/wp\/v2\/posts\/235238\/revisions"}],"predecessor-version":[{"id":235240,"href":"https:\/\/elluchador.info\/index.php?rest_route=\/wp\/v2\/posts\/235238\/revisions\/235240"}],"wp:featuredmedia":[{"embeddable":true,"href":"https:\/\/elluchador.info\/index.php?rest_route=\/wp\/v2\/media\/235239"}],"wp:attachment":[{"href":"https:\/\/elluchador.info\/index.php?rest_route=%2Fwp%2Fv2%2Fmedia&parent=235238"}],"wp:term":[{"taxonomy":"category","embeddable":true,"href":"https:\/\/elluchador.info\/index.php?rest_route=%2Fwp%2Fv2%2Fcategories&post=235238"},{"taxonomy":"post_tag","embeddable":true,"href":"https:\/\/elluchador.info\/index.php?rest_route=%2Fwp%2Fv2%2Ftags&post=235238"}],"curies":[{"name":"wp","href":"https:\/\/api.w.org\/{rel}","templated":true}]}}