{"id":235265,"date":"2023-01-06T11:28:31","date_gmt":"2023-01-06T15:28:31","guid":{"rendered":"https:\/\/elluchador.info\/web\/?p=235265"},"modified":"2023-01-06T11:28:31","modified_gmt":"2023-01-06T15:28:31","slug":"celac-celebra-reincorporacion-de-brasil","status":"publish","type":"post","link":"https:\/\/elluchador.info\/?p=235265","title":{"rendered":"Celac celebra reincorporaci\u00f3n de Brasil"},"content":{"rendered":"<p>La presidencia pro t\u00e9mpore de la Comunidad de Estados Latinoamericanos y Caribe\u00f1os (Celac), a cargo de Argentina, celebr\u00f3 la reincorporaci\u00f3n de Brasil a ese organismo, del cual fue apartado por el exmandatario Jair Bolsonaro.<\/p>\n<p>\u00abLa Presidencia Pro T\u00e9mpore argentina felicita a Brasil por su reincorporaci\u00f3n a la CELAC\u00bb, public\u00f3 la directiva en Twitter.<\/p>\n<p>\u00abEsta acci\u00f3n representa un hecho fundamental para el fortalecimiento de uno de los mecanismos de di\u00e1logo m\u00e1s representativos de la regi\u00f3n\u00bb, agreg\u00f3.<\/p>\n<p>Por su parte, el ministro argentino de Relaciones Exteriores, Santiago Cafiero, resalt\u00f3 la decisi\u00f3n del presidente Luiz In\u00e1cio Lula da Silva de volver a la Celac y abog\u00f3 por construir una nueva relaci\u00f3n con el gigante sudamericano, refiere un despacho de Prensa Latina.<\/p>\n<p>Adem\u00e1s, asegur\u00f3 que ese paso del l\u00edder del Partido de los Trabajadores a\u00f1ade certidumbre y fuerza a ese organismo.<\/p>\n<p>Gran noticia para la integraci\u00f3n regional<\/p>\n<p>Por su parte, el Grupo de Puebla expres\u00f3 que la reincorporaci\u00f3n de Brasil a la Celac es una gran noticia para la integraci\u00f3n regional.<\/p>\n<p>\u00abGran noticia para la integraci\u00f3n de Am\u00e9rica Latina y el Caribe! Brasil se reintegra a la CELAC\u00bb, public\u00f3 en Twitter.<\/p>\n<p>Este mi\u00e9rcoles, el Gobierno brasile\u00f1o comunic\u00f3 su plena e inmediata reincorporaci\u00f3n a todas las instancias pol\u00edticas y t\u00e9cnicas de la Celac.<\/p>\n<p>Tambi\u00e9n confirm\u00f3 la participaci\u00f3n de Lula en la VII Cumbre de jefes de Estado y de Gobierno de ese ente, prevista para el 24 de este mes en Buenos Aires.<\/p>\n<p>El regreso a la Celac es un paso indispensable hacia la recomposici\u00f3n de nuestro patrimonio diplom\u00e1tico y la plena reinserci\u00f3n en la comunidad internacional, afirm\u00f3 la Canciller\u00eda brasile\u00f1a en un comunicado.<\/p>\n<p>Compuesto por 33 pa\u00edses, ese es un mecanismo privilegiado para la promoci\u00f3n del di\u00e1logo pol\u00edtico, la concertaci\u00f3n y cooperaci\u00f3n regional en temas como la salud, la inclusi\u00f3n social, el medioambiente, la seguridad alimentaria y energ\u00e9tica, a\u00f1adi\u00f3.<\/p>\n<p>Con informaci\u00f3n de ultimasnoticias.com.ve<\/p>\n","protected":false},"excerpt":{"rendered":"<p>La presidencia pro t\u00e9mpore de la Comunidad de Estados Latinoamericanos y Caribe\u00f1os (Celac), a cargo de Argentina, celebr\u00f3 la reincorporaci\u00f3n de Brasil a ese organismo, del cual fue apartado por el exmandatario Jair Bolsonaro. \u00abLa Presidencia Pro T\u00e9mpore argentina felicita a Brasil por su reincorporaci\u00f3n a la CELAC\u00bb, public\u00f3 la directiva en Twitter. \u00abEsta acci\u00f3n [&hellip;]<\/p>\n","protected":false},"author":19,"featured_media":235266,"comment_status":"closed","ping_status":"closed","sticky":false,"template":"","format":"standard","meta":{"footnotes":""},"categories":[8],"tags":[],"class_list":{"0":"post-235265","1":"post","2":"type-post","3":"status-publish","4":"format-standard","5":"has-post-thumbnail","7":"category-internacionales"},"_links":{"self":[{"href":"https:\/\/elluchador.info\/index.php?rest_route=\/wp\/v2\/posts\/235265","targetHints":{"allow":["GET"]}}],"collection":[{"href":"https:\/\/elluchador.info\/index.php?rest_route=\/wp\/v2\/posts"}],"about":[{"href":"https:\/\/elluchador.info\/index.php?rest_route=\/wp\/v2\/types\/post"}],"author":[{"embeddable":true,"href":"https:\/\/elluchador.info\/index.php?rest_route=\/wp\/v2\/users\/19"}],"replies":[{"embeddable":true,"href":"https:\/\/elluchador.info\/index.php?rest_route=%2Fwp%2Fv2%2Fcomments&post=235265"}],"version-history":[{"count":1,"href":"https:\/\/elluchador.info\/index.php?rest_route=\/wp\/v2\/posts\/235265\/revisions"}],"predecessor-version":[{"id":235267,"href":"https:\/\/elluchador.info\/index.php?rest_route=\/wp\/v2\/posts\/235265\/revisions\/235267"}],"wp:featuredmedia":[{"embeddable":true,"href":"https:\/\/elluchador.info\/index.php?rest_route=\/wp\/v2\/media\/235266"}],"wp:attachment":[{"href":"https:\/\/elluchador.info\/index.php?rest_route=%2Fwp%2Fv2%2Fmedia&parent=235265"}],"wp:term":[{"taxonomy":"category","embeddable":true,"href":"https:\/\/elluchador.info\/index.php?rest_route=%2Fwp%2Fv2%2Fcategories&post=235265"},{"taxonomy":"post_tag","embeddable":true,"href":"https:\/\/elluchador.info\/index.php?rest_route=%2Fwp%2Fv2%2Ftags&post=235265"}],"curies":[{"name":"wp","href":"https:\/\/api.w.org\/{rel}","templated":true}]}}