{"id":235285,"date":"2023-01-06T12:38:53","date_gmt":"2023-01-06T16:38:53","guid":{"rendered":"https:\/\/elluchador.info\/web\/?p=235285"},"modified":"2023-01-06T12:38:53","modified_gmt":"2023-01-06T16:38:53","slug":"jefe-de-estado-anuncia-cambios-en-su-gabinete-ejecutivo-y-designa-a-yvan-gil-como-nuevo-canciller","status":"publish","type":"post","link":"https:\/\/elluchador.info\/?p=235285","title":{"rendered":"Jefe de Estado anuncia cambios en su Gabinete Ejecutivo y designa a Yv\u00e1n Gil como nuevo canciller"},"content":{"rendered":"<p>El presidente de la Rep\u00fablica Bolivariana de Venezuela, Nicol\u00e1s Maduro anunci\u00f3 este viernes 6 de enero cambios en su Gabinete Ejecutivo entre los que destaca la designaci\u00f3n de Yv\u00e1n Gil Pinto como nuevo canciller de la Rep\u00fablica.<\/p>\n<p>La informaci\u00f3n la dio a conocer en su cuenta en la red social Twitter @NicolasMaduro, en la que el jefe de Estado manifest\u00f3 \u201cHe designado a Yv\u00e1n Gil Pinto, nuevo canciller de Venezuela, una responsabilidad que estoy seguro que desempe\u00f1ar\u00e1 con gran profesionalismo. Agradezco a Carlos Far\u00eda por su destacada labor, en los pr\u00f3ximos d\u00edas le vendr\u00e1n nuevas tareas\u201d.<\/p>\n<p>Asimismo, inform\u00f3 que PDVSA ser\u00e1 presidida por el ingeniero Pedro Rafael Tellechea y el C\/A An\u00edbal Coronado ser\u00e1 el nuevo Jefe de Gobierno del Territorio Insular \u201cFrancisco de Miranda\u201d.<\/p>\n<p>El nuevo ministro del Poder Popular para las Relaciones Exteriores, Yv\u00e1n Gil Pinto fungi\u00f3 como en Encargado de negocios de Venezuela ante la Uni\u00f3n Europea. Adem\u00e1s se desempe\u00f1\u00f3 como viceministro de Relaciones Exteriores para Europa. Fue presidente de la Corporaci\u00f3n de Desarrollo Agr\u00edcola S.A., y ministro de Agricultura y Tierras, designado en abril de 2013.<\/p>\n<blockquote class=\"twitter-tweet\" data-width=\"550\" data-dnt=\"true\">\n<p lang=\"es\" dir=\"ltr\">He designado a Yv\u00e1n Gil Pinto, nuevo canciller de Venezuela, una responsabilidad que estoy seguro que desempe\u00f1ar\u00e1 con gran profesionalismo. Agradezco a Carlos Faria por su destacada labor, en los pr\u00f3ximos d\u00edas le vendr\u00e1n nuevas tareas. <a href=\"https:\/\/t.co\/l6xoyIarbs\">pic.twitter.com\/l6xoyIarbs<\/a><\/p>\n<p>&mdash; Nicol\u00e1s Maduro (@NicolasMaduro) <a href=\"https:\/\/twitter.com\/NicolasMaduro\/status\/1611376800814309378?ref_src=twsrc%5Etfw\">January 6, 2023<\/a><\/p><\/blockquote>\n<p><script async src=\"https:\/\/platform.twitter.com\/widgets.js\" charset=\"utf-8\"><\/script><\/p>\n<p>De igual manera, fue nombrado presidente de la Comisi\u00f3n Presidencial Agroalimentaria y jefe plenipotenciario del \u00c1rea Econ\u00f3mica de Los Llanos. Tambi\u00e9n presidi\u00f3 Agropatria, distribuidora estatal de insumos agr\u00edcolas. Estuvo al frente de la Empresa Comercializadora de Insumos y Servicios Agr\u00edcolas (Ecisa), del Instituto Nacional de Investigaciones Agr\u00edcolas (Inia) y viceministro de Circuitos Agroproductivos y Agroalimentarios.<\/p>\n<p>Por su parte, el ingeniero Pedro Rafael Tellechea, nuevo presidente de Petr\u00f3leo de Venezuela (PDVSA) viene de liderar a Petroqu\u00edmica de Venezuela S.A. (Pequiven) y la empresa nacional CVG Industria Venezolana de Aluminio, C.A. (CVG Venalum). Adem\u00e1s, fungi\u00f3 como Gerente General de la empresa mixta Metanol de Oriente, Metor S.A.<\/p>\n<blockquote class=\"twitter-tweet\" data-width=\"550\" data-dnt=\"true\">\n<p lang=\"es\" dir=\"ltr\">PDVSA ser\u00e1 presidida por Pedro Rafael Tellechea, quien con su gran experiencia al frente de PEQUIVEN, consolidar\u00e1 el impulso de la industria petrolera nacional. Todo nuestro reconocimiento a la labor de Asdr\u00fabal Ch\u00e1vez quien pronto tendr\u00e1 nuevas responsabilidades. <a href=\"https:\/\/t.co\/V5HCGPWPo6\">pic.twitter.com\/V5HCGPWPo6<\/a><\/p>\n<p>&mdash; Nicol\u00e1s Maduro (@NicolasMaduro) <a href=\"https:\/\/twitter.com\/NicolasMaduro\/status\/1611376924936249344?ref_src=twsrc%5Etfw\">January 6, 2023<\/a><\/p><\/blockquote>\n<p><script async src=\"https:\/\/platform.twitter.com\/widgets.js\" charset=\"utf-8\"><\/script><\/p>\n<p>Entretanto, el Contraalmirante An\u00edbal Coronado, nuevo jefe de Gobierno del Territorio Insular \u201cFrancisco de Miranda\u201d, estuvo a cargo de la coordinaci\u00f3n de Habilitadur\u00eda (E) de la Oficina de Gesti\u00f3n Administrativa, del Ministerio del Poder Popular del Despacho de la Presidencia y Seguimiento de la Gesti\u00f3n de Gobierno.<\/p>\n<blockquote class=\"twitter-tweet\" data-width=\"550\" data-dnt=\"true\">\n<p lang=\"es\" dir=\"ltr\">El C\/A An\u00edbal Coronado desde hoy ser\u00e1 el Jefe de Gobierno del Territorio Insular \u201cFrancisco de Miranda\u201d, una entidad de gran potencial que debe impulsarse como un \u00e1rea estrat\u00e9gica para el desarrollo nacional. Su experiencia ser\u00e1 vital para el cumplimiento de esta labor. <a href=\"https:\/\/t.co\/gEfmCEEkVE\">pic.twitter.com\/gEfmCEEkVE<\/a><\/p>\n<p>&mdash; Nicol\u00e1s Maduro (@NicolasMaduro) <a href=\"https:\/\/twitter.com\/NicolasMaduro\/status\/1611377075776020480?ref_src=twsrc%5Etfw\">January 6, 2023<\/a><\/p><\/blockquote>\n<p><script async src=\"https:\/\/platform.twitter.com\/widgets.js\" charset=\"utf-8\"><\/script><\/p>\n<p>Coronado asimismo estuvo al frente del viceministerio de Seguimiento e Inspecci\u00f3n de la Gesti\u00f3n de Gobierno, en calidad de Encargado, del Ministerio del Poder Popular del Despacho de la Presidencia y Seguimiento de la Gesti\u00f3n de Gobierno.<\/p>\n<p>Con informaci\u00f3n de www.vtv.gob.ve<\/p>\n","protected":false},"excerpt":{"rendered":"<p>El presidente de la Rep\u00fablica Bolivariana de Venezuela, Nicol\u00e1s Maduro anunci\u00f3 este viernes 6 de enero cambios en su Gabinete Ejecutivo entre los que destaca la designaci\u00f3n de Yv\u00e1n Gil Pinto como nuevo canciller de la Rep\u00fablica. La informaci\u00f3n la dio a conocer en su cuenta en la red social Twitter @NicolasMaduro, en la que [&hellip;]<\/p>\n","protected":false},"author":19,"featured_media":235286,"comment_status":"closed","ping_status":"closed","sticky":false,"template":"","format":"standard","meta":{"footnotes":""},"categories":[9],"tags":[],"class_list":{"0":"post-235285","1":"post","2":"type-post","3":"status-publish","4":"format-standard","5":"has-post-thumbnail","7":"category-nacionales"},"_links":{"self":[{"href":"https:\/\/elluchador.info\/index.php?rest_route=\/wp\/v2\/posts\/235285","targetHints":{"allow":["GET"]}}],"collection":[{"href":"https:\/\/elluchador.info\/index.php?rest_route=\/wp\/v2\/posts"}],"about":[{"href":"https:\/\/elluchador.info\/index.php?rest_route=\/wp\/v2\/types\/post"}],"author":[{"embeddable":true,"href":"https:\/\/elluchador.info\/index.php?rest_route=\/wp\/v2\/users\/19"}],"replies":[{"embeddable":true,"href":"https:\/\/elluchador.info\/index.php?rest_route=%2Fwp%2Fv2%2Fcomments&post=235285"}],"version-history":[{"count":1,"href":"https:\/\/elluchador.info\/index.php?rest_route=\/wp\/v2\/posts\/235285\/revisions"}],"predecessor-version":[{"id":235287,"href":"https:\/\/elluchador.info\/index.php?rest_route=\/wp\/v2\/posts\/235285\/revisions\/235287"}],"wp:featuredmedia":[{"embeddable":true,"href":"https:\/\/elluchador.info\/index.php?rest_route=\/wp\/v2\/media\/235286"}],"wp:attachment":[{"href":"https:\/\/elluchador.info\/index.php?rest_route=%2Fwp%2Fv2%2Fmedia&parent=235285"}],"wp:term":[{"taxonomy":"category","embeddable":true,"href":"https:\/\/elluchador.info\/index.php?rest_route=%2Fwp%2Fv2%2Fcategories&post=235285"},{"taxonomy":"post_tag","embeddable":true,"href":"https:\/\/elluchador.info\/index.php?rest_route=%2Fwp%2Fv2%2Ftags&post=235285"}],"curies":[{"name":"wp","href":"https:\/\/api.w.org\/{rel}","templated":true}]}}