{"id":235307,"date":"2023-01-06T14:33:03","date_gmt":"2023-01-06T18:33:03","guid":{"rendered":"https:\/\/elluchador.info\/web\/?p=235307"},"modified":"2023-01-06T14:33:03","modified_gmt":"2023-01-06T18:33:03","slug":"mexico-suma-29-muertos-en-jornada-violenta-tras-detencion-ovidio-guzman","status":"publish","type":"post","link":"https:\/\/elluchador.info\/?p=235307","title":{"rendered":"M\u00e9xico suma 29 muertos en jornada violenta tras detenci\u00f3n Ovidio Guzm\u00e1n"},"content":{"rendered":"<p>Al menos 29 personas murieron por la violencia desatada el jueves en el estado mexicano de Sinaloa (norte) tras la detenci\u00f3n de Ovidio Guzm\u00e1n, uno de los hijos de Joaqu\u00edn \u00abel Chapo\u00bb Guzm\u00e1n m\u00e1s buscados por Estados Unidos, seg\u00fan revel\u00f3 este viernes el Gobierno.<\/p>\n<p>El secretario de la Defensa, Luis Cresencio Sandoval, puntualiz\u00f3 que de los 29 fallecidos, una decena pertenec\u00edan a las Fuerzas Armadas mexicanas y 19 a los grupos criminales que generaron los disturbios violentos.<\/p>\n<p>\u00abDiez militares perdieron la vida en el cumplimiento de su deber en aras de garantizar la seguridad. El Estado mexicano les dar\u00e1 honores f\u00fanebres\u00bb, dijo en la rueda de prensa diaria del presidente mexicano, Andr\u00e9s Manuel L\u00f3pez Obrador.<\/p>\n<p>Sandoval celebr\u00f3 que, de acuerdo con la informaci\u00f3n actual, ning\u00fan civil inocente perdi\u00f3 la vida.<\/p>\n<p>En cuanto al saldo de heridos, el responsable del Ej\u00e9rcito contabiliz\u00f3 a 35 militares lesionados por armas de fuego, as\u00ed como afectaci\u00f3n a varios veh\u00edculos terrestres y a\u00e9reos de las Fuerzas Armadas.<\/p>\n<p>Tambi\u00e9n se detuvieron a 21 miembros del crimen organizado, detall\u00f3 Sandoval.<\/p>\n<p>En el operativo durante y tras la detenci\u00f3n de Ovidio Guzm\u00e1n en la madrugada del jueves participaron 3.586 efectivos de las Fuerzas Armadas, quienes tambi\u00e9n afrontaron la violencia desatada en las calles de ciudades como Culiac\u00e1n (capital de Sinaloa), Los Mochis y Mazatl\u00e1n.<\/p>\n<p>L\u00f3pez Obrador incidi\u00f3 en que el Gobierno actu\u00f3 de manera \u00abresponsable\u00bb para \u00abcuidar a la poblaci\u00f3n civil, que no hubieran v\u00edctimas inocentes\u00bb.<\/p>\n<p>Adem\u00e1s, a\u00f1adi\u00f3 que el gobernador de Sinaloa, Rub\u00e9n Rocha, le comunic\u00f3 que la situaci\u00f3n en la regi\u00f3n se est\u00e1 normalizando, despu\u00e9s de sufrir una jornada de bloqueos, agresiones a balazos y autos incendiados.<\/p>\n<p>\u00abNo hay grupos armados en Sinaloa, en bloqueos, que ya est\u00e1n quitando desde ayer todos los carros que fueron incendiados y que utilizaron para bloquear las calles, pr\u00e1cticamente en toda la ciudad (de Culiac\u00e1n)\u00bb, explic\u00f3.<\/p>\n<p>Con informaci\u00f3n de EFE.<\/p>\n","protected":false},"excerpt":{"rendered":"<p>Al menos 29 personas murieron por la violencia desatada el jueves en el estado mexicano de Sinaloa (norte) tras la detenci\u00f3n de Ovidio Guzm\u00e1n, uno de los hijos de Joaqu\u00edn \u00abel Chapo\u00bb Guzm\u00e1n m\u00e1s buscados por Estados Unidos, seg\u00fan revel\u00f3 este viernes el Gobierno. El secretario de la Defensa, Luis Cresencio Sandoval, puntualiz\u00f3 que de [&hellip;]<\/p>\n","protected":false},"author":19,"featured_media":235308,"comment_status":"closed","ping_status":"closed","sticky":false,"template":"","format":"standard","meta":{"footnotes":""},"categories":[8],"tags":[],"class_list":{"0":"post-235307","1":"post","2":"type-post","3":"status-publish","4":"format-standard","5":"has-post-thumbnail","7":"category-internacionales"},"_links":{"self":[{"href":"https:\/\/elluchador.info\/index.php?rest_route=\/wp\/v2\/posts\/235307","targetHints":{"allow":["GET"]}}],"collection":[{"href":"https:\/\/elluchador.info\/index.php?rest_route=\/wp\/v2\/posts"}],"about":[{"href":"https:\/\/elluchador.info\/index.php?rest_route=\/wp\/v2\/types\/post"}],"author":[{"embeddable":true,"href":"https:\/\/elluchador.info\/index.php?rest_route=\/wp\/v2\/users\/19"}],"replies":[{"embeddable":true,"href":"https:\/\/elluchador.info\/index.php?rest_route=%2Fwp%2Fv2%2Fcomments&post=235307"}],"version-history":[{"count":1,"href":"https:\/\/elluchador.info\/index.php?rest_route=\/wp\/v2\/posts\/235307\/revisions"}],"predecessor-version":[{"id":235309,"href":"https:\/\/elluchador.info\/index.php?rest_route=\/wp\/v2\/posts\/235307\/revisions\/235309"}],"wp:featuredmedia":[{"embeddable":true,"href":"https:\/\/elluchador.info\/index.php?rest_route=\/wp\/v2\/media\/235308"}],"wp:attachment":[{"href":"https:\/\/elluchador.info\/index.php?rest_route=%2Fwp%2Fv2%2Fmedia&parent=235307"}],"wp:term":[{"taxonomy":"category","embeddable":true,"href":"https:\/\/elluchador.info\/index.php?rest_route=%2Fwp%2Fv2%2Fcategories&post=235307"},{"taxonomy":"post_tag","embeddable":true,"href":"https:\/\/elluchador.info\/index.php?rest_route=%2Fwp%2Fv2%2Ftags&post=235307"}],"curies":[{"name":"wp","href":"https:\/\/api.w.org\/{rel}","templated":true}]}}