{"id":235326,"date":"2023-01-06T15:49:12","date_gmt":"2023-01-06T19:49:12","guid":{"rendered":"https:\/\/elluchador.info\/web\/?p=235326"},"modified":"2023-01-06T15:49:12","modified_gmt":"2023-01-06T19:49:12","slug":"aceleran-esfuerzos-para-reactivar-ruta-directa-venezuela-argelia","status":"publish","type":"post","link":"https:\/\/elluchador.info\/?p=235326","title":{"rendered":"Aceleran esfuerzos para reactivar ruta directa Venezuela \u2013 Argelia"},"content":{"rendered":"<p>Con la reactivaci\u00f3n pr\u00f3ximamente de una ruta directa entre Venezuela y Argelia se impulsar\u00e1 a\u00fan m\u00e1s el fortalecimiento de los lazos de cooperaci\u00f3n entre ambos pa\u00edses, destac\u00f3 este viernes el ministro para el Transporte, Ram\u00f3n Vel\u00e1squez Araguay\u00e1n.<\/p>\n<p>En un mensaje publicado en su cuenta en la red social Twitter, Vel\u00e1squez Araguay\u00e1n enfatiz\u00f3 que con la ruta directa, pr\u00f3xima a activarse entre Venezuela y Argelia, se continuar\u00e1 con la ampliaci\u00f3n de la conectividad del pa\u00eds con las diferentes naciones del mundo.<\/p>\n<p>\u201cHemos acelerado esfuerzos para reactivar lo m\u00e1s pronto posible, una ruta directa entre Venezuela y Argelia, lo que nos permitir\u00e1 seguir fortaleciendo lazos de cooperaci\u00f3n entre pueblos hermanos y ampliar, a\u00fan m\u00e1s, la conectividad de nuestro pa\u00eds con el mundo\u201d, public\u00f3 Vel\u00e1squez.<\/p>\n<p>Conexi\u00f3n a\u00e9rea<\/p>\n<p>Para julio de 2022, autoridades de aviaci\u00f3n civil de Venezuela y Argelia llevaron a cabo una reuni\u00f3n en la sede del Ministerio de Transporte en Argel, con el fin de evaluar la apertura de una l\u00ednea a\u00e9rea directa entre las capitales de ambos pa\u00edses.<\/p>\n<p>De acuerdo con un comunicado emitido por la cartera de Transporte argelina, este encuentro se organiz\u00f3 en concordancia con las instrucciones dadas por el presidente de ese pa\u00eds, Abdelmadjid Tebboune, para ultimar los detalles de la conexi\u00f3n a\u00e9rea.<\/p>\n<p>Para este momento, el ministro de Transporte de Argelia, Abdullah Mongi, resalt\u00f3 que la apertura de la l\u00ednea a\u00e9rea directa entre Argel y Caracas \u00abcontribuir\u00e1 a la consolidaci\u00f3n de las relaciones econ\u00f3micas y culturales entre los dos pa\u00edses\u00bb.<\/p>\n<p>Asimismo, \u00abayudar\u00e1 a mejorar el volumen de los intercambios comerciales y el desplazamiento de personas y mercanc\u00edas as\u00ed como fortalecer el turismo y la misiones cient\u00edficas y culturales\u00bb, a\u00f1adi\u00f3 el Ministro.<\/p>\n<p>Relaciones Venezuela \u2013 Argelia<\/p>\n<p>En junio de 2022, el presidente de la Rep\u00fablica, Nicol\u00e1s Maduro, anunciaba la reactivaci\u00f3n de la Comisi\u00f3n Mixta de Alto Nivel con Argelia, con el fin de elaborar un nuevo mapa de cooperaci\u00f3n para el desarrollo de ambas naciones.<\/p>\n<p>\u00abHemos decidido relanzar la Comisi\u00f3n Mixta de Alto nivel, para que nuestros equipos de trabajo elaboren ese mapa econ\u00f3mico, comercial, financiero, cultural, educativo, y de prosperidad compartida\u00bb, expres\u00f3 el jefe de Estado venezolano tras una rueda de prensa en Argelia, donde se encontraba como parte de la gira internacional que realiz\u00f3 por Euroasia.<\/p>\n<p>Venezuela y Argelia comenzaron a establecer v\u00ednculos diplom\u00e1ticos en 1971 con el intercambio de notas entre sus representantes en la Organizaci\u00f3n de Naciones Unidas en Nueva York, Estados Unidos.<\/p>\n<p>Desde el a\u00f1o 2000, las relaciones diplom\u00e1ticas se dinamizaron con el desarrollo de un conjunto de visitas oficiales de trabajo, indica la Vicepresidencia de la Rep\u00fablica en su portal.<\/p>\n<p>Con informaci\u00f3n de ultimasnoticias.com.ve<\/p>\n","protected":false},"excerpt":{"rendered":"<p>Con la reactivaci\u00f3n pr\u00f3ximamente de una ruta directa entre Venezuela y Argelia se impulsar\u00e1 a\u00fan m\u00e1s el fortalecimiento de los lazos de cooperaci\u00f3n entre ambos pa\u00edses, destac\u00f3 este viernes el ministro para el Transporte, Ram\u00f3n Vel\u00e1squez Araguay\u00e1n. En un mensaje publicado en su cuenta en la red social Twitter, Vel\u00e1squez Araguay\u00e1n enfatiz\u00f3 que con la [&hellip;]<\/p>\n","protected":false},"author":19,"featured_media":235327,"comment_status":"closed","ping_status":"closed","sticky":false,"template":"","format":"standard","meta":{"footnotes":""},"categories":[9],"tags":[],"class_list":{"0":"post-235326","1":"post","2":"type-post","3":"status-publish","4":"format-standard","5":"has-post-thumbnail","7":"category-nacionales"},"_links":{"self":[{"href":"https:\/\/elluchador.info\/index.php?rest_route=\/wp\/v2\/posts\/235326","targetHints":{"allow":["GET"]}}],"collection":[{"href":"https:\/\/elluchador.info\/index.php?rest_route=\/wp\/v2\/posts"}],"about":[{"href":"https:\/\/elluchador.info\/index.php?rest_route=\/wp\/v2\/types\/post"}],"author":[{"embeddable":true,"href":"https:\/\/elluchador.info\/index.php?rest_route=\/wp\/v2\/users\/19"}],"replies":[{"embeddable":true,"href":"https:\/\/elluchador.info\/index.php?rest_route=%2Fwp%2Fv2%2Fcomments&post=235326"}],"version-history":[{"count":1,"href":"https:\/\/elluchador.info\/index.php?rest_route=\/wp\/v2\/posts\/235326\/revisions"}],"predecessor-version":[{"id":235328,"href":"https:\/\/elluchador.info\/index.php?rest_route=\/wp\/v2\/posts\/235326\/revisions\/235328"}],"wp:featuredmedia":[{"embeddable":true,"href":"https:\/\/elluchador.info\/index.php?rest_route=\/wp\/v2\/media\/235327"}],"wp:attachment":[{"href":"https:\/\/elluchador.info\/index.php?rest_route=%2Fwp%2Fv2%2Fmedia&parent=235326"}],"wp:term":[{"taxonomy":"category","embeddable":true,"href":"https:\/\/elluchador.info\/index.php?rest_route=%2Fwp%2Fv2%2Fcategories&post=235326"},{"taxonomy":"post_tag","embeddable":true,"href":"https:\/\/elluchador.info\/index.php?rest_route=%2Fwp%2Fv2%2Ftags&post=235326"}],"curies":[{"name":"wp","href":"https:\/\/api.w.org\/{rel}","templated":true}]}}