{"id":235350,"date":"2023-01-08T13:24:26","date_gmt":"2023-01-08T17:24:26","guid":{"rendered":"https:\/\/elluchador.info\/web\/?p=235350"},"modified":"2023-01-08T13:24:26","modified_gmt":"2023-01-08T17:24:26","slug":"la-tumba-de-benedicto-xvi-ya-puede-ser-visitada-en-la-cripta-vaticana","status":"publish","type":"post","link":"https:\/\/elluchador.info\/?p=235350","title":{"rendered":"La tumba de Benedicto XVI ya puede ser visitada en la cripta vaticana"},"content":{"rendered":"<p>Los restos del em\u00e9rito reposan por su expreso deseo en la que hasta 2011 fuera la tumba de su predecesor Juan Pablo II, y como dicta la tradici\u00f3n, en un f\u00e9retro triple<\/p>\n<p>La tumba del papa em\u00e9rito Benedicto XVI, fallecido el pasado 31 de diciembre a los 95 a\u00f1os, puede ser visitada desde este domingo 08 de enero, cuando la cripta de la bas\u00edlica de San Pedro del Vaticano abre al p\u00fablico por primera vez tras el entierro y el funeral del pont\u00edfice alem\u00e1n el pasado jueves.<\/p>\n<p>A las 9:00 de la ma\u00f1ana empezaron a entrar los visitantes, seg\u00fan la agencia de noticias EFE. Algunos de ellos se pararon a rezar frente a la sencilla tumba de Benedicto XVI, sobre la que no hab\u00eda a\u00fan un retrato del religioso, que renunci\u00f3 al pontificado en 2013.<\/p>\n<p>El cuerpo de Benedicto XVI fue expuesto por tres d\u00edas en una capilla ardiente en la bas\u00edlica vaticana, por la que pasaron casi 200.000 fieles y tras la cual fue introducido en la primera caja, revestida en su interior de terciopelo carmes\u00ed.<\/p>\n<p>En el interior del ata\u00fad tambi\u00e9n fueron colocadas las monedas acu\u00f1adas durante su pontificado, el pergamino con una breve relaci\u00f3n de los 8 ocho a\u00f1os de papado y los palios que luci\u00f3 como arzobispo de M\u00fanich y Roma.<\/p>\n<p>El entierro tuvo lugar despu\u00e9s de la celebraci\u00f3n de su funeral, presidido por Francisco, quien destac\u00f3 la \u00absabidur\u00eda, delicadeza y entrega\u00bb del papa em\u00e9rito, y oficiado por el decano del colegio cardenalicio, el italiano Giovani Battista Re.<\/p>\n<p>Los restos del em\u00e9rito reposan por su expreso deseo en la que hasta 2011 fuera la tumba de su predecesor Juan Pablo II, y como dicta la tradici\u00f3n, en un f\u00e9retro triple. Fuente: EFE<\/p>\n","protected":false},"excerpt":{"rendered":"<p>Los restos del em\u00e9rito reposan por su expreso deseo en la que hasta 2011 fuera la tumba de su predecesor Juan Pablo II, y como dicta la tradici\u00f3n, en un f\u00e9retro triple La tumba del papa em\u00e9rito Benedicto XVI, fallecido el pasado 31 de diciembre a los 95 a\u00f1os, puede ser visitada desde este domingo [&hellip;]<\/p>\n","protected":false},"author":19,"featured_media":235351,"comment_status":"closed","ping_status":"closed","sticky":false,"template":"","format":"standard","meta":{"footnotes":""},"categories":[5,8],"tags":[],"class_list":{"0":"post-235350","1":"post","2":"type-post","3":"status-publish","4":"format-standard","5":"has-post-thumbnail","7":"category-destacado","8":"category-internacionales"},"_links":{"self":[{"href":"https:\/\/elluchador.info\/index.php?rest_route=\/wp\/v2\/posts\/235350","targetHints":{"allow":["GET"]}}],"collection":[{"href":"https:\/\/elluchador.info\/index.php?rest_route=\/wp\/v2\/posts"}],"about":[{"href":"https:\/\/elluchador.info\/index.php?rest_route=\/wp\/v2\/types\/post"}],"author":[{"embeddable":true,"href":"https:\/\/elluchador.info\/index.php?rest_route=\/wp\/v2\/users\/19"}],"replies":[{"embeddable":true,"href":"https:\/\/elluchador.info\/index.php?rest_route=%2Fwp%2Fv2%2Fcomments&post=235350"}],"version-history":[{"count":1,"href":"https:\/\/elluchador.info\/index.php?rest_route=\/wp\/v2\/posts\/235350\/revisions"}],"predecessor-version":[{"id":235352,"href":"https:\/\/elluchador.info\/index.php?rest_route=\/wp\/v2\/posts\/235350\/revisions\/235352"}],"wp:featuredmedia":[{"embeddable":true,"href":"https:\/\/elluchador.info\/index.php?rest_route=\/wp\/v2\/media\/235351"}],"wp:attachment":[{"href":"https:\/\/elluchador.info\/index.php?rest_route=%2Fwp%2Fv2%2Fmedia&parent=235350"}],"wp:term":[{"taxonomy":"category","embeddable":true,"href":"https:\/\/elluchador.info\/index.php?rest_route=%2Fwp%2Fv2%2Fcategories&post=235350"},{"taxonomy":"post_tag","embeddable":true,"href":"https:\/\/elluchador.info\/index.php?rest_route=%2Fwp%2Fv2%2Ftags&post=235350"}],"curies":[{"name":"wp","href":"https:\/\/api.w.org\/{rel}","templated":true}]}}