{"id":235356,"date":"2023-01-08T13:30:17","date_gmt":"2023-01-08T17:30:17","guid":{"rendered":"https:\/\/elluchador.info\/web\/?p=235356"},"modified":"2023-01-08T13:30:17","modified_gmt":"2023-01-08T17:30:17","slug":"retorno-a-las-aulas-debe-convertirse-en-una-fiesta-escolar-que-garantice-y-estimule-la-calidad-de-la-educacion-del-futuro","status":"publish","type":"post","link":"https:\/\/elluchador.info\/?p=235356","title":{"rendered":"\u00abRetorno a las aulas debe convertirse en una fiesta escolar que garantice y estimule la calidad de la educaci\u00f3n del futuro\u00bb"},"content":{"rendered":"<p><strong>\u00a0<\/strong>\u00abVenimos de un 2022 lleno de muchos retos, con la satisfacci\u00f3n de volver a las aulas con clases presenciales despu\u00e9s de una terrible pandemia, ahora en este 2023 debemos estar preparados para celebrar y consolidar el sistema educativo venezolano, donde adem\u00e1s de garantizar una educaci\u00f3n de calidad a los ni\u00f1os y ni\u00f1as de la patria se logren acciones que sigan beneficien a los docentes\u00bb, de esta forma se refiri\u00f3 el alcalde del municipio Angostura del Orinoco, Sergio Hern\u00e1ndez ante el inicio del segundo Momento Pedag\u00f3gico del a\u00f1o escolar 2022-2023.<\/p>\n<p>El mandatario municipal invit\u00f3 tanto a padres y representantes, como a los docentes a reincorporarse a los salones esperanzados en construir la mejor educaci\u00f3n para el futuro.<\/p>\n<p>\u00abSeguimos renaciendo, ajust\u00e1ndonos a las consecuencias de una serie de bloqueos que nos asfixia como pa\u00eds\u00bb, agreg\u00f3, destacando el hero\u00edsmo que caracteriza a las maestras y maestros, quienes el pr\u00f3ximo 15 celebran su d\u00eda.<\/p>\n<p><strong>Escuelas municipales listas<\/strong><\/p>\n<p>Marisol Garc\u00eda, Directora Educaci\u00f3n Municipal, en compa\u00f1\u00eda de Soila Cupare, Sub-directora de\u00a0 Educaci\u00f3n y un equipo multidisciplinario de docentes, personal administrativo y obrero ser\u00e1n los encargados de garantizar las directrices que desde el gobierno nacional se emiten para lograr la calidad educativa.<\/p>\n<p>\u00abCumpliendo con las orientaciones de nuestra Ministra Yelitze Santaella, arrancamos hoy con las clases, ejecutamos con una extensa programaci\u00f3n de actividades que se ir\u00e1n desarrollando durante este segundo momento escolar, labores que se ejecutar\u00e1n por mujeres y hombres con calidad, compromiso y profesionalismo hacia el m\u00e1s hermoso accionar que es educar\u00bb, destac\u00f3 Garc\u00eda.<\/p>\n<p>De igual forma agreg\u00f3 que con planificaci\u00f3n y organizaci\u00f3n seguir\u00e1n consolidando los logros alcanzados en materia de adecuaci\u00f3n, de recuperaci\u00f3n de las infraestructuras educativas con las Bricomiles, ajustes de salarios, profesionalizaci\u00f3n de todos los niveles, seguimiento y control a la gesti\u00f3n educativa; todo esto de la mano del gobierno nacional y regional.<\/p>\n<p>\u00abJuntos, somos y seguiremos siendo invencibles, con constancia y desde las aulas, con las comunidades, con los padres y representantes lograremos las verdaderas transformaciones que necesitamos\u00bb, se\u00f1al\u00f3.<\/p>\n<p>Son diez las instituciones educativas dependientes del ejecutivo municipal que recibir\u00e1n con alegr\u00eda a mil 766 ni\u00f1os y ni\u00f1as de educaci\u00f3n inicial y primaria, de los cuales 916 son varones y 850 son ni\u00f1as. <strong>Prensa Alcald\u00eda A\/O<\/strong><\/p>\n","protected":false},"excerpt":{"rendered":"<p>\u00a0\u00abVenimos de un 2022 lleno de muchos retos, con la satisfacci\u00f3n de volver a las aulas con clases presenciales despu\u00e9s de una terrible pandemia, ahora en este 2023 debemos estar preparados para celebrar y consolidar el sistema educativo venezolano, donde adem\u00e1s de garantizar una educaci\u00f3n de calidad a los ni\u00f1os y ni\u00f1as de la patria [&hellip;]<\/p>\n","protected":false},"author":19,"featured_media":235357,"comment_status":"closed","ping_status":"closed","sticky":false,"template":"","format":"standard","meta":{"footnotes":""},"categories":[5,20],"tags":[],"class_list":{"0":"post-235356","1":"post","2":"type-post","3":"status-publish","4":"format-standard","5":"has-post-thumbnail","7":"category-destacado","8":"category-municipal"},"_links":{"self":[{"href":"https:\/\/elluchador.info\/index.php?rest_route=\/wp\/v2\/posts\/235356","targetHints":{"allow":["GET"]}}],"collection":[{"href":"https:\/\/elluchador.info\/index.php?rest_route=\/wp\/v2\/posts"}],"about":[{"href":"https:\/\/elluchador.info\/index.php?rest_route=\/wp\/v2\/types\/post"}],"author":[{"embeddable":true,"href":"https:\/\/elluchador.info\/index.php?rest_route=\/wp\/v2\/users\/19"}],"replies":[{"embeddable":true,"href":"https:\/\/elluchador.info\/index.php?rest_route=%2Fwp%2Fv2%2Fcomments&post=235356"}],"version-history":[{"count":1,"href":"https:\/\/elluchador.info\/index.php?rest_route=\/wp\/v2\/posts\/235356\/revisions"}],"predecessor-version":[{"id":235358,"href":"https:\/\/elluchador.info\/index.php?rest_route=\/wp\/v2\/posts\/235356\/revisions\/235358"}],"wp:featuredmedia":[{"embeddable":true,"href":"https:\/\/elluchador.info\/index.php?rest_route=\/wp\/v2\/media\/235357"}],"wp:attachment":[{"href":"https:\/\/elluchador.info\/index.php?rest_route=%2Fwp%2Fv2%2Fmedia&parent=235356"}],"wp:term":[{"taxonomy":"category","embeddable":true,"href":"https:\/\/elluchador.info\/index.php?rest_route=%2Fwp%2Fv2%2Fcategories&post=235356"},{"taxonomy":"post_tag","embeddable":true,"href":"https:\/\/elluchador.info\/index.php?rest_route=%2Fwp%2Fv2%2Ftags&post=235356"}],"curies":[{"name":"wp","href":"https:\/\/api.w.org\/{rel}","templated":true}]}}