{"id":235379,"date":"2023-01-09T10:32:58","date_gmt":"2023-01-09T14:32:58","guid":{"rendered":"https:\/\/elluchador.info\/web\/?p=235379"},"modified":"2023-01-09T10:32:58","modified_gmt":"2023-01-09T14:32:58","slug":"tribunal-federal-suspende-a-gobernador-de-brasilia-por-90-dias","status":"publish","type":"post","link":"https:\/\/elluchador.info\/?p=235379","title":{"rendered":"Tribunal Federal suspende a gobernador de Brasilia por 90 d\u00edas"},"content":{"rendered":"<p>El magistrado del Supremo Tribunal Federal (STF) de Brasil, Alexandre de Moraes, decidi\u00f3 suspender el domingo al gobernador del Distrito Federal de Brasilia, Ibaneis Rocha, por 90 d\u00edas, tras los violentos acontecimientos protagonizados por simpatizantes del expresidente Jair Bolsonaro.<\/p>\n<p>De acuerdo al juez Moraes, el gobernador Ibaneis Rocha, ten\u00eda conocimiento de los preparativos de las acciones violentas, debido a que hechos de tal naturaleza s\u00f3lo podr\u00edan ocurrir con el consentimiento y participaci\u00f3n efectiva de las autoridades competentes en materia de seguridad p\u00fablica de Brasilia.<\/p>\n<p>\u00abAbsolutamente nada justifica la omisi\u00f3n y conspiraci\u00f3n del secretario de Seguridad P\u00fablica y del gobernador del Distrito Federal con delincuentes que previamente anunciaron que cometer\u00edan actos violentos contra los poderes constituidos\u00bb, escribi\u00f3 el ministro del STF.<\/p>\n<p>El magistrado Moraes, que tambi\u00e9n orden\u00f3 a las fuerzas de seguridad federales de Brasil a actuar para liberar cualquier tipo de v\u00eda o edificio p\u00fablico ocupado por partidarios del expresidente Jair Bolsonaro en todo el pa\u00eds.<\/p>\n<p>Resalt\u00f3 adem\u00e1s que la organizaci\u00f3n de los actos golpistas era un hecho notorio y sabido, que fue divulgado por la prensa hegem\u00f3nica de Brasil.<\/p>\n<p>El juez responsabiliz\u00f3 al gobernador Rocha de los hechos, quien horas antes hab\u00eda pedido disculpas al presidente Lula y a la c\u00fapula de los poderes Legislativo y Judicial por los graves acontecimientos ocurridos en la capital brasile\u00f1a.<\/p>\n<p>Ante los hechos de violencia en la capital del pa\u00eds suramericano, el presidente Lula da Silva decret\u00f3 la intervenci\u00f3n federal del \u00e1rea de seguridad de Brasilia hasta el pr\u00f3ximo 31 de enero, con lo que las polic\u00edas regionales estar\u00e1n bajo control del Gobierno central durante ese periodo.<\/p>\n<p>Seg\u00fan varios medios locales, m\u00e1s de mil personas han sido detenidas por los actos vand\u00e1licos en Brasilia, que fueron ampliamente condenados por todas las instituciones de Brasil y por la comunidad internacional.<\/p>\n<p>Con informaci\u00f3n de Telesur.<\/p>\n","protected":false},"excerpt":{"rendered":"<p>El magistrado del Supremo Tribunal Federal (STF) de Brasil, Alexandre de Moraes, decidi\u00f3 suspender el domingo al gobernador del Distrito Federal de Brasilia, Ibaneis Rocha, por 90 d\u00edas, tras los violentos acontecimientos protagonizados por simpatizantes del expresidente Jair Bolsonaro. De acuerdo al juez Moraes, el gobernador Ibaneis Rocha, ten\u00eda conocimiento de los preparativos de las [&hellip;]<\/p>\n","protected":false},"author":19,"featured_media":235382,"comment_status":"closed","ping_status":"closed","sticky":false,"template":"","format":"standard","meta":{"footnotes":""},"categories":[8],"tags":[],"class_list":{"0":"post-235379","1":"post","2":"type-post","3":"status-publish","4":"format-standard","5":"has-post-thumbnail","7":"category-internacionales"},"_links":{"self":[{"href":"https:\/\/elluchador.info\/index.php?rest_route=\/wp\/v2\/posts\/235379","targetHints":{"allow":["GET"]}}],"collection":[{"href":"https:\/\/elluchador.info\/index.php?rest_route=\/wp\/v2\/posts"}],"about":[{"href":"https:\/\/elluchador.info\/index.php?rest_route=\/wp\/v2\/types\/post"}],"author":[{"embeddable":true,"href":"https:\/\/elluchador.info\/index.php?rest_route=\/wp\/v2\/users\/19"}],"replies":[{"embeddable":true,"href":"https:\/\/elluchador.info\/index.php?rest_route=%2Fwp%2Fv2%2Fcomments&post=235379"}],"version-history":[{"count":1,"href":"https:\/\/elluchador.info\/index.php?rest_route=\/wp\/v2\/posts\/235379\/revisions"}],"predecessor-version":[{"id":235383,"href":"https:\/\/elluchador.info\/index.php?rest_route=\/wp\/v2\/posts\/235379\/revisions\/235383"}],"wp:featuredmedia":[{"embeddable":true,"href":"https:\/\/elluchador.info\/index.php?rest_route=\/wp\/v2\/media\/235382"}],"wp:attachment":[{"href":"https:\/\/elluchador.info\/index.php?rest_route=%2Fwp%2Fv2%2Fmedia&parent=235379"}],"wp:term":[{"taxonomy":"category","embeddable":true,"href":"https:\/\/elluchador.info\/index.php?rest_route=%2Fwp%2Fv2%2Fcategories&post=235379"},{"taxonomy":"post_tag","embeddable":true,"href":"https:\/\/elluchador.info\/index.php?rest_route=%2Fwp%2Fv2%2Ftags&post=235379"}],"curies":[{"name":"wp","href":"https:\/\/api.w.org\/{rel}","templated":true}]}}