{"id":235384,"date":"2023-01-09T10:47:34","date_gmt":"2023-01-09T14:47:34","guid":{"rendered":"https:\/\/elluchador.info\/web\/?p=235384"},"modified":"2023-01-09T10:47:34","modified_gmt":"2023-01-09T14:47:34","slug":"lula-visita-la-escena-de-los-disturbios-en-el-palacio-de-planalto-y-la-corte-suprema","status":"publish","type":"post","link":"https:\/\/elluchador.info\/?p=235384","title":{"rendered":"Lula visita la escena de los disturbios en el Palacio de Planalto y la Corte Suprema"},"content":{"rendered":"<p>El presidente de Brasil, Luiz In\u00e1cio Lula da Silva, acudi\u00f3 el domingo al Palacio de Planalto para evaluar la escala de los da\u00f1os causados por manifestantes que asaltaron las sedes de los tres poderes del Estado en Brasilia unas horas antes.<\/p>\n<p>Tras inspeccionar las instalaciones de la sede del Ejecutivo, Lula se dirigi\u00f3 al edificio del Supremo Tribunal Federal (STF), donde fue recibido por la presidenta del \u00f3rgano judicial, Rosa Weber. Asimismo, Lula se reuni\u00f3 con los magistrados Dias Toffoli y Luis Roberto Barroso, informa el medio local O Globo.<\/p>\n<p>Previamente a la visita presidencial, tanto el Palacio de Planalto como el STF fueron sometidos a un barrido por un equipo antibombas de la Polic\u00eda Federal.<\/p>\n<p>Ambos edificios sufrieron da\u00f1os significativos tras la irrupci\u00f3n de los partidarios del exmandatario Jair Bolsonaro, derrotado en las elecciones presidenciales de octubre pasado.<\/p>\n<p>Los da\u00f1os incluyen patrimonio cultural dif\u00edcilmente recuperable como diversas obras de arte y esculturas.<\/p>\n<p>Adem\u00e1s, se rompieron ordenadores y ventanas, tambi\u00e9n se volcaron cajones en las dependencias que lograron alcanzar los manifestantes. Entre los espacios destrozados, est\u00e1 la habitaci\u00f3n que corresponde a la primera dama, Ros\u00e2ngela Lula da Silva, as\u00ed como la oficina del ministro de la Secretar\u00eda de Comunicaci\u00f3n Social, Paulo Pimenta.<\/p>\n<p>El despacho presidencial qued\u00f3 intacto debido a la reforzada seguridad de las cerraduras y las puertas.<\/p>\n<p>En el STF fue atacada la llamada Sala de los Bustos que contaba con las esculturas de personalidades importantes del pa\u00eds, entre ellos los abolicionistas Rui Barbosa y Joaquim Nabuco. Asimismo, fue retirado el escudo de armas de la Rep\u00fablica y robada una r\u00e9plica de la edici\u00f3n original de la Constituci\u00f3n.<\/p>\n<p>Durante los actos vand\u00e1licos, se pint\u00f3 un grafiti en la escultura &#8216;Justicia&#8217; de Alfredo Ceschiatti y se robaron las sillas que los 11 ministros del STF utilizaban en los juicios. Entre los objetos de valor hist\u00f3rico afectados se encuentra tambi\u00e9n una alfombra que, seg\u00fan informaci\u00f3n del Supremo, perteneci\u00f3 a la infanta Isabel, hija del emperador Pedro II de Brasil.<\/p>\n<p>La presidenta del \u00f3rgano judicial declar\u00f3 en un comunicado que el \u00abpatrimonio hist\u00f3rico de los brasile\u00f1os y de la humanidad, fue gravemente destruido por criminales, v\u00e1ndalos y antidem\u00f3cratas\u00bb.<\/p>\n<p>\u00abAcabo de visitar esta noche el Palacio de Planalto y el STF. Los golpistas que promovieron la destrucci\u00f3n del patrimonio p\u00fablico en Brasilia est\u00e1n siendo identificados y ser\u00e1n castigados. Ma\u00f1ana reanudaremos el trabajo en el Palacio de Planalto. La democracia siempre. Buenas noches\u00bb, escribi\u00f3 Lula en su cuenta de Twitter.<\/p>\n<p>Con informaci\u00f3n de Actualidad RT.<\/p>\n","protected":false},"excerpt":{"rendered":"<p>El presidente de Brasil, Luiz In\u00e1cio Lula da Silva, acudi\u00f3 el domingo al Palacio de Planalto para evaluar la escala de los da\u00f1os causados por manifestantes que asaltaron las sedes de los tres poderes del Estado en Brasilia unas horas antes. Tras inspeccionar las instalaciones de la sede del Ejecutivo, Lula se dirigi\u00f3 al edificio [&hellip;]<\/p>\n","protected":false},"author":19,"featured_media":235386,"comment_status":"closed","ping_status":"closed","sticky":false,"template":"","format":"standard","meta":{"footnotes":""},"categories":[8],"tags":[],"class_list":{"0":"post-235384","1":"post","2":"type-post","3":"status-publish","4":"format-standard","5":"has-post-thumbnail","7":"category-internacionales"},"_links":{"self":[{"href":"https:\/\/elluchador.info\/index.php?rest_route=\/wp\/v2\/posts\/235384","targetHints":{"allow":["GET"]}}],"collection":[{"href":"https:\/\/elluchador.info\/index.php?rest_route=\/wp\/v2\/posts"}],"about":[{"href":"https:\/\/elluchador.info\/index.php?rest_route=\/wp\/v2\/types\/post"}],"author":[{"embeddable":true,"href":"https:\/\/elluchador.info\/index.php?rest_route=\/wp\/v2\/users\/19"}],"replies":[{"embeddable":true,"href":"https:\/\/elluchador.info\/index.php?rest_route=%2Fwp%2Fv2%2Fcomments&post=235384"}],"version-history":[{"count":2,"href":"https:\/\/elluchador.info\/index.php?rest_route=\/wp\/v2\/posts\/235384\/revisions"}],"predecessor-version":[{"id":235388,"href":"https:\/\/elluchador.info\/index.php?rest_route=\/wp\/v2\/posts\/235384\/revisions\/235388"}],"wp:featuredmedia":[{"embeddable":true,"href":"https:\/\/elluchador.info\/index.php?rest_route=\/wp\/v2\/media\/235386"}],"wp:attachment":[{"href":"https:\/\/elluchador.info\/index.php?rest_route=%2Fwp%2Fv2%2Fmedia&parent=235384"}],"wp:term":[{"taxonomy":"category","embeddable":true,"href":"https:\/\/elluchador.info\/index.php?rest_route=%2Fwp%2Fv2%2Fcategories&post=235384"},{"taxonomy":"post_tag","embeddable":true,"href":"https:\/\/elluchador.info\/index.php?rest_route=%2Fwp%2Fv2%2Ftags&post=235384"}],"curies":[{"name":"wp","href":"https:\/\/api.w.org\/{rel}","templated":true}]}}