{"id":235389,"date":"2023-01-09T10:49:16","date_gmt":"2023-01-09T14:49:16","guid":{"rendered":"https:\/\/elluchador.info\/web\/?p=235389"},"modified":"2023-01-09T11:29:21","modified_gmt":"2023-01-09T15:29:21","slug":"mexico-detalla-agenda-y-temas-a-debatir-entre-biden-y-lopez-obrador","status":"publish","type":"post","link":"https:\/\/elluchador.info\/?p=235389","title":{"rendered":"M\u00e9xico detalla agenda y temas a debatir entre Biden y L\u00f3pez Obrador"},"content":{"rendered":"<p>El canciller mexicano Marcelo Ebrard anunci\u00f3 hoy que la agenda de la reuni\u00f3n bilateral que los presidentes Andr\u00e9s Manuel L\u00f3pez Obrador y Joe Biden sostendr\u00e1n esta tarde incluir\u00e1 los temas de integraci\u00f3n econ\u00f3mica, Plan Sonora, cambio clim\u00e1tico, medio ambiente, migraci\u00f3n, desarrollo y seguridad.<\/p>\n<p>Al ofrecer detalles del encuentro, Ebrard celebr\u00f3 que ambos mandatarios hayan viajado juntos la v\u00edspera, ya que L\u00f3pez Obrador recibi\u00f3 a Biden a su llegada al pa\u00eds y lo acompa\u00f1\u00f3 a su hotel en el veh\u00edculo presidencial estaodunidense.<\/p>\n<p>\u00abUno de los objetivos de estas cumbres es la relaci\u00f3n personal, valorar y comprender cu\u00e1les son los intereses de la contraparte\u00bb, dijo el canciller al considerar que ese objetivo se cumpli\u00f3 desde la llegada del presidente de Estados Unidos.<\/p>\n<p>Con respecto al itinerario del encuentro entre Biden y L\u00f3pez Obrador, especific\u00f3 que el presidente estadounidense arribar\u00e1 este lunes a las 03:15 de la tarde (hora local) al Palacio Nacional y despu\u00e9s de la foto oficial habr\u00e1 un saludo privado entre ambos y sus esposas.<\/p>\n<p>La reuni\u00f3n bilateral comenzar\u00e1 a las 05:00 de la tarde (hora local), y se tiene previsto iniciar con los temas de integraci\u00f3n econ\u00f3mica y el Plan Sonora que implica la sincronizaci\u00f3n de inversiones, por lo que estar\u00e1n presentes los secretario de Hacienda, Rogelio Ram\u00edrez de la O; y de Econom\u00eda, Raquel Buenrostro.<\/p>\n<p>Ebrard se\u00f1al\u00f3 que el segundo tema ser\u00e1 cambio clim\u00e1tico y medio ambiente. En ese sentido, record\u00f3 que M\u00e9xico ya se comprometi\u00f3 a reducir en un 35 % las emisi\u00f3n de gases de efecto invernadero, lo que lo coloca en la lista de pa\u00edses que est\u00e1n realizando un mayor esfuerzo.<\/p>\n<p>Tambi\u00e9n explic\u00f3 que hay un compromiso en aumentar la generaci\u00f3n de energ\u00edas limpias y de aprovechar el litio. Por este tema, estar\u00e1 presente en la reuni\u00f3n la secretaria de Medio Ambiente, Mar\u00eda Luisa Albores.<\/p>\n<p>Para abordar los cap\u00edtulos de migraci\u00f3n y desarrollo, participar\u00e1 el comisionado del Instituto Nacional de Migraci\u00f3n, Francisco Gardu\u00f1o, quien detallar\u00e1 los resultados del programa Sembrando Vida que el gobierno mexicano ha puesto en marcha en El Salvador y Honduras y que consiste en la transferencia directa de recursos econ\u00f3micos a los beneficiarios para reducir la migraci\u00f3n forzada por pobreza y falta de oportunidades.<\/p>\n<p>Por \u00faltimo, Biden y L\u00f3pez Obrador abordar\u00e1n el tema de la Seguridad, por lo que la Secretaria de Seguridad, Rosa Icela Rodr\u00edguez, presentar\u00e1 un informe de lo que el pa\u00eds ha logrado en sus esfuerzos por contener el tr\u00e1fico de fentanilo a Estados Unidos y para impedir, a su vez, el tr\u00e1fico de armas.<\/p>\n<p>Terminada la reuni\u00f3n bilateral, ambos presidentes ofrecer\u00e1n un mensaje conjunto ante la prensa y se preparar\u00e1n para la Cumbre de Am\u00e9rica del Norte que se llevar\u00e1 a cabo ma\u00f1ana con la presencia del primer ministro de Canad\u00e1, Justin Trudeau.<\/p>\n<p>Con informaci\u00f3n de Actualidad RT.<\/p>\n","protected":false},"excerpt":{"rendered":"<p>El canciller mexicano Marcelo Ebrard anunci\u00f3 hoy que la agenda de la reuni\u00f3n bilateral que los presidentes Andr\u00e9s Manuel L\u00f3pez Obrador y Joe Biden sostendr\u00e1n esta tarde incluir\u00e1 los temas de integraci\u00f3n econ\u00f3mica, Plan Sonora, cambio clim\u00e1tico, medio ambiente, migraci\u00f3n, desarrollo y seguridad. Al ofrecer detalles del encuentro, Ebrard celebr\u00f3 que ambos mandatarios hayan viajado [&hellip;]<\/p>\n","protected":false},"author":19,"featured_media":235390,"comment_status":"closed","ping_status":"closed","sticky":false,"template":"","format":"standard","meta":{"footnotes":""},"categories":[8],"tags":[],"class_list":{"0":"post-235389","1":"post","2":"type-post","3":"status-publish","4":"format-standard","5":"has-post-thumbnail","7":"category-internacionales"},"_links":{"self":[{"href":"https:\/\/elluchador.info\/index.php?rest_route=\/wp\/v2\/posts\/235389","targetHints":{"allow":["GET"]}}],"collection":[{"href":"https:\/\/elluchador.info\/index.php?rest_route=\/wp\/v2\/posts"}],"about":[{"href":"https:\/\/elluchador.info\/index.php?rest_route=\/wp\/v2\/types\/post"}],"author":[{"embeddable":true,"href":"https:\/\/elluchador.info\/index.php?rest_route=\/wp\/v2\/users\/19"}],"replies":[{"embeddable":true,"href":"https:\/\/elluchador.info\/index.php?rest_route=%2Fwp%2Fv2%2Fcomments&post=235389"}],"version-history":[{"count":2,"href":"https:\/\/elluchador.info\/index.php?rest_route=\/wp\/v2\/posts\/235389\/revisions"}],"predecessor-version":[{"id":235408,"href":"https:\/\/elluchador.info\/index.php?rest_route=\/wp\/v2\/posts\/235389\/revisions\/235408"}],"wp:featuredmedia":[{"embeddable":true,"href":"https:\/\/elluchador.info\/index.php?rest_route=\/wp\/v2\/media\/235390"}],"wp:attachment":[{"href":"https:\/\/elluchador.info\/index.php?rest_route=%2Fwp%2Fv2%2Fmedia&parent=235389"}],"wp:term":[{"taxonomy":"category","embeddable":true,"href":"https:\/\/elluchador.info\/index.php?rest_route=%2Fwp%2Fv2%2Fcategories&post=235389"},{"taxonomy":"post_tag","embeddable":true,"href":"https:\/\/elluchador.info\/index.php?rest_route=%2Fwp%2Fv2%2Ftags&post=235389"}],"curies":[{"name":"wp","href":"https:\/\/api.w.org\/{rel}","templated":true}]}}