{"id":235392,"date":"2023-01-09T11:00:00","date_gmt":"2023-01-09T15:00:00","guid":{"rendered":"https:\/\/elluchador.info\/web\/?p=235392"},"modified":"2023-01-09T11:00:00","modified_gmt":"2023-01-09T15:00:00","slug":"jose-gil-yepes-proyectar-la-economia-para-este-2023-es-dificil-porque-existen-politicas-contradictorias","status":"publish","type":"post","link":"https:\/\/elluchador.info\/?p=235392","title":{"rendered":"Jos\u00e9 Gil Yepes: Proyectar la econom\u00eda para este 2023 es dif\u00edcil porque existen pol\u00edticas contradictorias"},"content":{"rendered":"<p>El director de la encuestadora Datan\u00e1lisis, Jos\u00e9 Antonio Gil Yepes, estim\u00f3 que la recuperaci\u00f3n que hubo en el pa\u00eds en el a\u00f1o 2022 se debi\u00f3 a la inversi\u00f3n privada, misma que tiene medidas que afectan su total operaci\u00f3n para el desarrollo econ\u00f3mico en la naci\u00f3n.<\/p>\n<p>Mediante entrevista Yepes asegur\u00f3 que la inversi\u00f3n privada est\u00e1 \u00abatosigada\u00bb por los altos impuestos y la \u00abescasez\u00bb de cr\u00e9ditos bancarios, lo que lo califica como \u00abpol\u00edticas contradictorias\u00bb para proyectar la econom\u00eda en este nuevo a\u00f1o.<\/p>\n<p>\u00abLos n\u00fameros sobre la econom\u00eda para proyectar el 2023 son muy dif\u00edciles. Hay pol\u00edticas (econ\u00f3micas) muy contradictorias y el gobierno tiene que decidir por cu\u00e1l camino se va. Se ha recuperado la econom\u00eda por la inversi\u00f3n privada, pero ella est\u00e1 ahorita atosigada por altos impuestos y por la escasez de cr\u00e9ditos bancarios, etc\u00e9tera\u00bb, lament\u00f3.<\/p>\n<p>\u00abSi nos empe\u00f1amos en aumentar los impuestos, en frenar la inflaci\u00f3n a punta de que no haya cr\u00e9ditos bancarios, mantener sueldos bajos y volver a control de precios, tendremos econom\u00eda p\u00edrrica. Es muy dif\u00edcil proyectar unos n\u00fameros cuando las pol\u00edticas son tan contradictorias y distantes una de las otras\u00bb, agreg\u00f3 el tambi\u00e9n economista.<\/p>\n<p>Ante esto, Yepes sostuvo que el Gobierno tiene que avanzar en el camino de privatizaci\u00f3n de empresas para que en este 2023 la econom\u00eda pueda crecer hasta el 20%, pero reconoce que esta medida no puede concretarse puesto que, sostiene, \u00abcuando las ideolog\u00edas son extremas, bloquean el pensamiento, la raz\u00f3n e inteligencia\u00bb.<\/p>\n<p>\u00abSi en Venezuela no se va por un proceso de privatizaci\u00f3n, descentralizaci\u00f3n pol\u00edtico- administrativa y de separaci\u00f3n de Poderes, vamos a tener siempre un rezago con respecto al enorme potencial de crecimiento (econ\u00f3mico) que tiene el pa\u00eds\u00bb, sentenci\u00f3.<\/p>\n<p>Nuevo presidente de Pdvsa<\/p>\n<p>Yepes aprovech\u00f3 la oportunidad para aplaudir el nombramiento del nuevo presidente de PDVSA, Pedro Rafael Tellechea, e indic\u00f3 que \u00abes una tendencia muy positiva\u00bb, por ser una persona que tiene un perfil m\u00e1s tecnocr\u00e1tico.<\/p>\n<p>\u00abSon signos positivos para la industria petrolera\u00bb, agreg\u00f3.<\/p>\n<p>Con informaci\u00f3n de www.globovision.com<\/p>\n","protected":false},"excerpt":{"rendered":"<p>El director de la encuestadora Datan\u00e1lisis, Jos\u00e9 Antonio Gil Yepes, estim\u00f3 que la recuperaci\u00f3n que hubo en el pa\u00eds en el a\u00f1o 2022 se debi\u00f3 a la inversi\u00f3n privada, misma que tiene medidas que afectan su total operaci\u00f3n para el desarrollo econ\u00f3mico en la naci\u00f3n. Mediante entrevista Yepes asegur\u00f3 que la inversi\u00f3n privada est\u00e1 \u00abatosigada\u00bb [&hellip;]<\/p>\n","protected":false},"author":19,"featured_media":235396,"comment_status":"closed","ping_status":"closed","sticky":false,"template":"","format":"standard","meta":{"footnotes":""},"categories":[6],"tags":[],"class_list":{"0":"post-235392","1":"post","2":"type-post","3":"status-publish","4":"format-standard","5":"has-post-thumbnail","7":"category-economia"},"_links":{"self":[{"href":"https:\/\/elluchador.info\/index.php?rest_route=\/wp\/v2\/posts\/235392","targetHints":{"allow":["GET"]}}],"collection":[{"href":"https:\/\/elluchador.info\/index.php?rest_route=\/wp\/v2\/posts"}],"about":[{"href":"https:\/\/elluchador.info\/index.php?rest_route=\/wp\/v2\/types\/post"}],"author":[{"embeddable":true,"href":"https:\/\/elluchador.info\/index.php?rest_route=\/wp\/v2\/users\/19"}],"replies":[{"embeddable":true,"href":"https:\/\/elluchador.info\/index.php?rest_route=%2Fwp%2Fv2%2Fcomments&post=235392"}],"version-history":[{"count":1,"href":"https:\/\/elluchador.info\/index.php?rest_route=\/wp\/v2\/posts\/235392\/revisions"}],"predecessor-version":[{"id":235397,"href":"https:\/\/elluchador.info\/index.php?rest_route=\/wp\/v2\/posts\/235392\/revisions\/235397"}],"wp:featuredmedia":[{"embeddable":true,"href":"https:\/\/elluchador.info\/index.php?rest_route=\/wp\/v2\/media\/235396"}],"wp:attachment":[{"href":"https:\/\/elluchador.info\/index.php?rest_route=%2Fwp%2Fv2%2Fmedia&parent=235392"}],"wp:term":[{"taxonomy":"category","embeddable":true,"href":"https:\/\/elluchador.info\/index.php?rest_route=%2Fwp%2Fv2%2Fcategories&post=235392"},{"taxonomy":"post_tag","embeddable":true,"href":"https:\/\/elluchador.info\/index.php?rest_route=%2Fwp%2Fv2%2Ftags&post=235392"}],"curies":[{"name":"wp","href":"https:\/\/api.w.org\/{rel}","templated":true}]}}