{"id":235404,"date":"2023-01-09T11:26:42","date_gmt":"2023-01-09T15:26:42","guid":{"rendered":"https:\/\/elluchador.info\/web\/?p=235404"},"modified":"2023-01-09T11:26:42","modified_gmt":"2023-01-09T15:26:42","slug":"asesinan-a-un-indigena-y-a-un-criollo-en-sector-cuyuni-de-sifontes","status":"publish","type":"post","link":"https:\/\/elluchador.info\/?p=235404","title":{"rendered":"Asesinan a un ind\u00edgena y a un criollo en sector Cuyun\u00ed de Sifontes"},"content":{"rendered":"<p>Dos ciudadanos muertos a balazos en el sector Cuyun\u00ed del municipio Sifontes, al sur del estado Bol\u00edvar. Desconocidos les dispararon desde un veh\u00edculo en marcha, se presume que ambos homicidios guardan relaci\u00f3n.<\/p>\n<p>El doble crimen ocurri\u00f3 el d\u00eda domingo 08, en horas de la tarde. El primero de los abatidos era de la etnia Arwako, el mismo cay\u00f3 abatido entre el kil\u00f3metro 21 y 22 de la Troncal 10.<\/p>\n<p>Se desconoce el nombre del infortunado, momentos de recibir m\u00faltiples disparos iba acompa\u00f1ado de su padre; mientras que el segundo de los fallecidos se movilizaba en una moto por el kil\u00f3metro 52 de San Miguel de Betania.<\/p>\n<p>Habitantes de San Miguel de Betania, San Jos\u00e9, San Flaviano, San Antonio de Roscio, Araimatepuy, Santa Lucia y Inawat, piden a las autoridades del Cuerpo de Investigaciones Cient\u00edficas, Penales y Criminal\u00edsticas justicia.<\/p>\n<p>Se desconocen las razones por las cuales mataron a ambas personas, aunque, no se descarta de una venganza.<\/p>\n<p>Los nombres de las v\u00edctimas se desconocen, expertos de la polic\u00eda judicial realizan las pesquisas en sitios, en los cuales acontecieron los hechos.<\/p>\n<p><strong>NUEVA PRENSA DE GUAYANA<\/strong><\/p>\n","protected":false},"excerpt":{"rendered":"<p>Dos ciudadanos muertos a balazos en el sector Cuyun\u00ed del municipio Sifontes, al sur del estado Bol\u00edvar. Desconocidos les dispararon desde un veh\u00edculo en marcha, se presume que ambos homicidios guardan relaci\u00f3n. El doble crimen ocurri\u00f3 el d\u00eda domingo 08, en horas de la tarde. El primero de los abatidos era de la etnia Arwako, [&hellip;]<\/p>\n","protected":false},"author":33,"featured_media":235405,"comment_status":"closed","ping_status":"closed","sticky":false,"template":"","format":"standard","meta":{"footnotes":""},"categories":[13],"tags":[],"class_list":{"0":"post-235404","1":"post","2":"type-post","3":"status-publish","4":"format-standard","5":"has-post-thumbnail","7":"category-sucesos"},"_links":{"self":[{"href":"https:\/\/elluchador.info\/index.php?rest_route=\/wp\/v2\/posts\/235404","targetHints":{"allow":["GET"]}}],"collection":[{"href":"https:\/\/elluchador.info\/index.php?rest_route=\/wp\/v2\/posts"}],"about":[{"href":"https:\/\/elluchador.info\/index.php?rest_route=\/wp\/v2\/types\/post"}],"author":[{"embeddable":true,"href":"https:\/\/elluchador.info\/index.php?rest_route=\/wp\/v2\/users\/33"}],"replies":[{"embeddable":true,"href":"https:\/\/elluchador.info\/index.php?rest_route=%2Fwp%2Fv2%2Fcomments&post=235404"}],"version-history":[{"count":1,"href":"https:\/\/elluchador.info\/index.php?rest_route=\/wp\/v2\/posts\/235404\/revisions"}],"predecessor-version":[{"id":235407,"href":"https:\/\/elluchador.info\/index.php?rest_route=\/wp\/v2\/posts\/235404\/revisions\/235407"}],"wp:featuredmedia":[{"embeddable":true,"href":"https:\/\/elluchador.info\/index.php?rest_route=\/wp\/v2\/media\/235405"}],"wp:attachment":[{"href":"https:\/\/elluchador.info\/index.php?rest_route=%2Fwp%2Fv2%2Fmedia&parent=235404"}],"wp:term":[{"taxonomy":"category","embeddable":true,"href":"https:\/\/elluchador.info\/index.php?rest_route=%2Fwp%2Fv2%2Fcategories&post=235404"},{"taxonomy":"post_tag","embeddable":true,"href":"https:\/\/elluchador.info\/index.php?rest_route=%2Fwp%2Fv2%2Ftags&post=235404"}],"curies":[{"name":"wp","href":"https:\/\/api.w.org\/{rel}","templated":true}]}}