{"id":235409,"date":"2023-01-09T11:34:09","date_gmt":"2023-01-09T15:34:09","guid":{"rendered":"https:\/\/elluchador.info\/web\/?p=235409"},"modified":"2023-01-09T11:34:09","modified_gmt":"2023-01-09T15:34:09","slug":"alba-tcp-rechaza-agresiones-en-contra-del-congreso-de-la-republica-federativa-de-brasil","status":"publish","type":"post","link":"https:\/\/elluchador.info\/?p=235409","title":{"rendered":"ALBA-TCP rechaza agresiones en contra del Congreso de la Rep\u00fablica Federativa de Brasil"},"content":{"rendered":"<p>La Alianza Bolivariana para los Pueblos de Nuestra Am\u00e9rica-Tratado de Comercio de los Pueblos (ALBA-TCP), rechaz\u00f3 este lunes los actos violentos de grupos neofascistas que pretenden deponer el gobierno leg\u00edtimo del presidente de Brasil, Luiz In\u00e1cio Lula da Silva.<\/p>\n<p>En un comunicado difundido por el ALBA-TCP, se exhort\u00f3 a estar alerta ante los intentos de quebrantar los principios b\u00e1sicos de la democracia en este pa\u00eds.<\/p>\n<p>El domingo 08 de enero los simpatizantes del expresidente Jair Bolsonaro tomaron por la fuerza los edificios de los tres poderes, a saber: el Palacio de Planalto, el Congreso Nacional y la sede de la Supremo Tribunal Federal, rompiendo el bloqueo realizado por la Polic\u00eda Militar y la Fuerza de Seguridad en la Explanada de los Ministerios en Brasilia.<\/p>\n<p>El ministro de Justicia de Brasil, Fl\u00e1vio Dino, afirm\u00f3 que \u00abno prevalecer\u00e1\u00bb la voluntad de los bolsonaristas radicales que han invadido las sedes de los edificios citados.<\/p>\n<p>El ministro tambi\u00e9n autoriz\u00f3 el uso de la Fuerza Nacional en la seguridad de la capital ante la amenaza de acciones violentas, refiri\u00f3 Telesur.<\/p>\n<p>Con informaci\u00f3n de www.vtv.gob.ve<\/p>\n","protected":false},"excerpt":{"rendered":"<p>La Alianza Bolivariana para los Pueblos de Nuestra Am\u00e9rica-Tratado de Comercio de los Pueblos (ALBA-TCP), rechaz\u00f3 este lunes los actos violentos de grupos neofascistas que pretenden deponer el gobierno leg\u00edtimo del presidente de Brasil, Luiz In\u00e1cio Lula da Silva. En un comunicado difundido por el ALBA-TCP, se exhort\u00f3 a estar alerta ante los intentos de [&hellip;]<\/p>\n","protected":false},"author":19,"featured_media":235410,"comment_status":"closed","ping_status":"closed","sticky":false,"template":"","format":"standard","meta":{"footnotes":""},"categories":[9],"tags":[],"class_list":{"0":"post-235409","1":"post","2":"type-post","3":"status-publish","4":"format-standard","5":"has-post-thumbnail","7":"category-nacionales"},"_links":{"self":[{"href":"https:\/\/elluchador.info\/index.php?rest_route=\/wp\/v2\/posts\/235409","targetHints":{"allow":["GET"]}}],"collection":[{"href":"https:\/\/elluchador.info\/index.php?rest_route=\/wp\/v2\/posts"}],"about":[{"href":"https:\/\/elluchador.info\/index.php?rest_route=\/wp\/v2\/types\/post"}],"author":[{"embeddable":true,"href":"https:\/\/elluchador.info\/index.php?rest_route=\/wp\/v2\/users\/19"}],"replies":[{"embeddable":true,"href":"https:\/\/elluchador.info\/index.php?rest_route=%2Fwp%2Fv2%2Fcomments&post=235409"}],"version-history":[{"count":1,"href":"https:\/\/elluchador.info\/index.php?rest_route=\/wp\/v2\/posts\/235409\/revisions"}],"predecessor-version":[{"id":235411,"href":"https:\/\/elluchador.info\/index.php?rest_route=\/wp\/v2\/posts\/235409\/revisions\/235411"}],"wp:featuredmedia":[{"embeddable":true,"href":"https:\/\/elluchador.info\/index.php?rest_route=\/wp\/v2\/media\/235410"}],"wp:attachment":[{"href":"https:\/\/elluchador.info\/index.php?rest_route=%2Fwp%2Fv2%2Fmedia&parent=235409"}],"wp:term":[{"taxonomy":"category","embeddable":true,"href":"https:\/\/elluchador.info\/index.php?rest_route=%2Fwp%2Fv2%2Fcategories&post=235409"},{"taxonomy":"post_tag","embeddable":true,"href":"https:\/\/elluchador.info\/index.php?rest_route=%2Fwp%2Fv2%2Ftags&post=235409"}],"curies":[{"name":"wp","href":"https:\/\/api.w.org\/{rel}","templated":true}]}}