{"id":235428,"date":"2023-01-09T12:30:47","date_gmt":"2023-01-09T16:30:47","guid":{"rendered":"https:\/\/elluchador.info\/web\/?p=235428"},"modified":"2023-01-09T12:30:47","modified_gmt":"2023-01-09T16:30:47","slug":"pico-el-aguila-registro-su-primera-nevada-del-ano","status":"publish","type":"post","link":"https:\/\/elluchador.info\/?p=235428","title":{"rendered":"Pico El \u00c1guila registr\u00f3 su primera nevada del a\u00f1o"},"content":{"rendered":"<p>Luego de casi tres meses la Sierra de la Culata, cercana al pico Collado del C\u00f3ndor, tambi\u00e9n conocido como pico El \u00c1guila, registr\u00f3 la primera nevada del a\u00f1o este s\u00e1bado.<\/p>\n<div>Esta nevada sorprendi\u00f3 a los visitantes y habitantes del estado M\u00e9rida con la espectacular vista.<\/div>\n<div><\/div>\n<div>Por medio de las redes sociales el periodista y reportero gr\u00e1fico Leonardo Le\u00f3n comparti\u00f3 las im\u00e1genes del evento clim\u00e1tico.<\/div>\n<div><\/div>\n<div>\n<div class=\"twitter-tweet twitter-tweet-rendered\"><iframe id=\"twitter-widget-0\" class=\"\" title=\"Twitter Tweet\" src=\"https:\/\/platform.twitter.com\/embed\/Tweet.html?creatorScreenName=eluniversal&amp;dnt=false&amp;embedId=twitter-widget-0&amp;features=eyJ0ZndfdGltZWxpbmVfbGlzdCI6eyJidWNrZXQiOlsibGlua3RyLmVlIiwidHIuZWUiLCJ0ZXJyYS5jb20uYnIiLCJ3d3cubGlua3RyLmVlIiwid3d3LnRyLmVlIiwid3d3LnRlcnJhLmNvbS5iciJdLCJ2ZXJzaW9uIjpudWxsfSwidGZ3X2hvcml6b25fdGltZWxpbmVfMTIwMzQiOnsiYnVja2V0IjoidHJlYXRtZW50IiwidmVyc2lvbiI6bnVsbH0sInRmd190d2VldF9lZGl0X2JhY2tlbmQiOnsiYnVja2V0Ijoib24iLCJ2ZXJzaW9uIjpudWxsfSwidGZ3X3JlZnNyY19zZXNzaW9uIjp7ImJ1Y2tldCI6Im9uIiwidmVyc2lvbiI6bnVsbH0sInRmd19zaG93X2J1c2luZXNzX3ZlcmlmaWVkX2JhZGdlIjp7ImJ1Y2tldCI6Im9uIiwidmVyc2lvbiI6bnVsbH0sInRmd19jaGluX3BpbGxzXzE0NzQxIjp7ImJ1Y2tldCI6ImNvbG9yX2ljb25zIiwidmVyc2lvbiI6bnVsbH0sInRmd190d2VldF9yZXN1bHRfbWlncmF0aW9uXzEzOTc5Ijp7ImJ1Y2tldCI6InR3ZWV0X3Jlc3VsdCIsInZlcnNpb24iOm51bGx9LCJ0ZndfbWl4ZWRfbWVkaWFfMTU4OTciOnsiYnVja2V0IjoidHJlYXRtZW50IiwidmVyc2lvbiI6bnVsbH0sInRmd19zZW5zaXRpdmVfbWVkaWFfaW50ZXJzdGl0aWFsXzEzOTYzIjp7ImJ1Y2tldCI6ImludGVyc3RpdGlhbCIsInZlcnNpb24iOm51bGx9LCJ0ZndfZXhwZXJpbWVudHNfY29va2llX2V4cGlyYXRpb24iOnsiYnVja2V0IjoxMjA5NjAwLCJ2ZXJzaW9uIjpudWxsfSwidGZ3X2R1cGxpY2F0ZV9zY3JpYmVzX3RvX3NldHRpbmdzIjp7ImJ1Y2tldCI6Im9uIiwidmVyc2lvbiI6bnVsbH0sInRmd192aWRlb19obHNfZHluYW1pY19tYW5pZmVzdHNfMTUwODIiOnsiYnVja2V0IjoidHJ1ZV9iaXRyYXRlIiwidmVyc2lvbiI6bnVsbH0sInRmd19zaG93X2JsdWVfdmVyaWZpZWRfYmFkZ2UiOnsiYnVja2V0Ijoib24iLCJ2ZXJzaW9uIjpudWxsfSwidGZ3X2xlZ2FjeV90aW1lbGluZV9zdW5zZXQiOnsiYnVja2V0IjpmYWxzZSwidmVyc2lvbiI6bnVsbH0sInRmd19zaG93X2dvdl92ZXJpZmllZF9iYWRnZSI6eyJidWNrZXQiOiJvbiIsInZlcnNpb24iOm51bGx9LCJ0Zndfc2hvd19idXNpbmVzc19hZmZpbGlhdGVfYmFkZ2UiOnsiYnVja2V0Ijoib24iLCJ2ZXJzaW9uIjpudWxsfSwidGZ3X3R3ZWV0X2VkaXRfZnJvbnRlbmQiOnsiYnVja2V0Ijoib24iLCJ2ZXJzaW9uIjpudWxsfX0%3D&amp;frame=false&amp;hideCard=false&amp;hideThread=false&amp;id=1612046821894897673&amp;lang=es&amp;origin=https%3A%2F%2Fwww.eluniversal.com%2Fvenezuela%2F146732%2Fpico-el-aguila-registro-su-primera-nevada-del-ano&amp;sessionId=e6f380364d78a396692d0683c1c038dd49cd12f8&amp;siteScreenName=eluniversal&amp;theme=light&amp;widgetsVersion=a3525f077c700%3A1667415560940&amp;width=550px\" frameborder=\"0\" scrolling=\"no\" allowfullscreen=\"allowfullscreen\" data-tweet-id=\"1612046821894897673\" data-mce-fragment=\"1\"><\/iframe><\/div>\n<\/div>\n<div><\/div>\n<div>Por otra parte, el locutor Marcos Chourio, a trav\u00e9s de su cuenta en la red social Twitter comparti\u00f3 la imagen del pico Pan de Az\u00facar.<\/div>\n<div><\/div>\n<div>Estas ser\u00edan las primeras nevadas registradas en lo que va de a\u00f1o 2023 para la Sierra de la Culata. Desde octubre del pasado a\u00f1o 2022 cuando nev\u00f3 en pico El \u00c1guila y El Gavil\u00e1n.<\/div>\n<div><\/div>\n<div>EU<\/div>\n","protected":false},"excerpt":{"rendered":"<p>Luego de casi tres meses la Sierra de la Culata, cercana al pico Collado del C\u00f3ndor, tambi\u00e9n conocido como pico El \u00c1guila, registr\u00f3 la primera nevada del a\u00f1o este s\u00e1bado. Esta nevada sorprendi\u00f3 a los visitantes y habitantes del estado M\u00e9rida con la espectacular vista. Por medio de las redes sociales el periodista y reportero [&hellip;]<\/p>\n","protected":false},"author":19,"featured_media":235429,"comment_status":"closed","ping_status":"closed","sticky":false,"template":"","format":"standard","meta":{"footnotes":""},"categories":[9],"tags":[],"class_list":{"0":"post-235428","1":"post","2":"type-post","3":"status-publish","4":"format-standard","5":"has-post-thumbnail","7":"category-nacionales"},"_links":{"self":[{"href":"https:\/\/elluchador.info\/index.php?rest_route=\/wp\/v2\/posts\/235428","targetHints":{"allow":["GET"]}}],"collection":[{"href":"https:\/\/elluchador.info\/index.php?rest_route=\/wp\/v2\/posts"}],"about":[{"href":"https:\/\/elluchador.info\/index.php?rest_route=\/wp\/v2\/types\/post"}],"author":[{"embeddable":true,"href":"https:\/\/elluchador.info\/index.php?rest_route=\/wp\/v2\/users\/19"}],"replies":[{"embeddable":true,"href":"https:\/\/elluchador.info\/index.php?rest_route=%2Fwp%2Fv2%2Fcomments&post=235428"}],"version-history":[{"count":1,"href":"https:\/\/elluchador.info\/index.php?rest_route=\/wp\/v2\/posts\/235428\/revisions"}],"predecessor-version":[{"id":235430,"href":"https:\/\/elluchador.info\/index.php?rest_route=\/wp\/v2\/posts\/235428\/revisions\/235430"}],"wp:featuredmedia":[{"embeddable":true,"href":"https:\/\/elluchador.info\/index.php?rest_route=\/wp\/v2\/media\/235429"}],"wp:attachment":[{"href":"https:\/\/elluchador.info\/index.php?rest_route=%2Fwp%2Fv2%2Fmedia&parent=235428"}],"wp:term":[{"taxonomy":"category","embeddable":true,"href":"https:\/\/elluchador.info\/index.php?rest_route=%2Fwp%2Fv2%2Fcategories&post=235428"},{"taxonomy":"post_tag","embeddable":true,"href":"https:\/\/elluchador.info\/index.php?rest_route=%2Fwp%2Fv2%2Ftags&post=235428"}],"curies":[{"name":"wp","href":"https:\/\/api.w.org\/{rel}","templated":true}]}}