{"id":235445,"date":"2023-01-09T12:52:54","date_gmt":"2023-01-09T16:52:54","guid":{"rendered":"https:\/\/elluchador.info\/web\/?p=235445"},"modified":"2023-01-09T12:52:54","modified_gmt":"2023-01-09T16:52:54","slug":"expresidente-de-brasil-jair-bolsonaro-se-desvincula-de-los-actos-de-sus-seguidores","status":"publish","type":"post","link":"https:\/\/elluchador.info\/?p=235445","title":{"rendered":"Expresidente de Brasil, Jair Bolsonaro se desvincula de los actos de sus seguidores"},"content":{"rendered":"<p>El expresidente brasile\u00f1o Jair Bolsonaro se desvincul\u00f3 de los graves sucesos acaecidos este domingo en Brasilia.<\/p>\n<div>Miles de sus seguidores invadieron el palacio presidencial, el Congreso y el Supremo Tribunal, protagonizando violentos enfrentamientos con las fuerzas de seguridad, que finalmente los desalojaron, rese\u00f1o la BBC.<\/div>\n<div><\/div>\n<div>\u00abLas manifestaciones pac\u00edficas son parte de la democracia. Sin embargo, los saqueos e invasiones de edificios p\u00fablicos como las ocurridas hoy, as\u00ed como las practicadas por la izquierda en 2013 y 2017, se salen de la regla\u00bb, expres\u00f3 Bolsonaro en una publicaci\u00f3n de Twitter.<\/div>\n<div><\/div>\n<div>Desde que comenz\u00f3 la insurrecci\u00f3n hasta que el ex mandatario se pronunci\u00f3 en la red social pasaron seis horas.<\/div>\n<div><\/div>\n<div>Bolsonaro se encuentra en Florida, donde se traslad\u00f3 a finales de diciembre, en los \u00faltimos d\u00edas de su presidencia.<\/div>\n<div><\/div>\n<div>Su partida a EE.UU. se interpret\u00f3 como una acci\u00f3n deliberada para no asistir a la toma de posesi\u00f3n de su sucesor, Luiz In\u00e1cio Lula da Silva, que le gan\u00f3 en las elecciones de octubre por un ajustado margen.<\/div>\n<div><\/div>\n<div>\u00abA lo largo de mi mandato siempre me he mantenido dentro de las cuatro l\u00edneas de la Constituci\u00f3n, respetando y defendiendo las leyes, la democracia, la transparencia y nuestra sagrada libertad\u00bb, continu\u00f3 el expresidente en su hilo de Twitter.<\/div>\n<div><\/div>\n<div>EU<\/div>\n","protected":false},"excerpt":{"rendered":"<p>El expresidente brasile\u00f1o Jair Bolsonaro se desvincul\u00f3 de los graves sucesos acaecidos este domingo en Brasilia. Miles de sus seguidores invadieron el palacio presidencial, el Congreso y el Supremo Tribunal, protagonizando violentos enfrentamientos con las fuerzas de seguridad, que finalmente los desalojaron, rese\u00f1o la BBC. \u00abLas manifestaciones pac\u00edficas son parte de la democracia. Sin embargo, [&hellip;]<\/p>\n","protected":false},"author":19,"featured_media":235446,"comment_status":"closed","ping_status":"closed","sticky":false,"template":"","format":"standard","meta":{"footnotes":""},"categories":[8],"tags":[],"class_list":{"0":"post-235445","1":"post","2":"type-post","3":"status-publish","4":"format-standard","5":"has-post-thumbnail","7":"category-internacionales"},"_links":{"self":[{"href":"https:\/\/elluchador.info\/index.php?rest_route=\/wp\/v2\/posts\/235445","targetHints":{"allow":["GET"]}}],"collection":[{"href":"https:\/\/elluchador.info\/index.php?rest_route=\/wp\/v2\/posts"}],"about":[{"href":"https:\/\/elluchador.info\/index.php?rest_route=\/wp\/v2\/types\/post"}],"author":[{"embeddable":true,"href":"https:\/\/elluchador.info\/index.php?rest_route=\/wp\/v2\/users\/19"}],"replies":[{"embeddable":true,"href":"https:\/\/elluchador.info\/index.php?rest_route=%2Fwp%2Fv2%2Fcomments&post=235445"}],"version-history":[{"count":1,"href":"https:\/\/elluchador.info\/index.php?rest_route=\/wp\/v2\/posts\/235445\/revisions"}],"predecessor-version":[{"id":235447,"href":"https:\/\/elluchador.info\/index.php?rest_route=\/wp\/v2\/posts\/235445\/revisions\/235447"}],"wp:featuredmedia":[{"embeddable":true,"href":"https:\/\/elluchador.info\/index.php?rest_route=\/wp\/v2\/media\/235446"}],"wp:attachment":[{"href":"https:\/\/elluchador.info\/index.php?rest_route=%2Fwp%2Fv2%2Fmedia&parent=235445"}],"wp:term":[{"taxonomy":"category","embeddable":true,"href":"https:\/\/elluchador.info\/index.php?rest_route=%2Fwp%2Fv2%2Fcategories&post=235445"},{"taxonomy":"post_tag","embeddable":true,"href":"https:\/\/elluchador.info\/index.php?rest_route=%2Fwp%2Fv2%2Ftags&post=235445"}],"curies":[{"name":"wp","href":"https:\/\/api.w.org\/{rel}","templated":true}]}}